{"id":479,"date":"2008-04-25T20:32:10","date_gmt":"2008-04-26T00:32:10","guid":{"rendered":"http:\/\/www.chayfans.org\/blog\/?p=479"},"modified":"2025-05-27T20:00:28","modified_gmt":"2025-05-28T00:00:28","slug":"chayanne-regresa-como-vampiro","status":"publish","type":"post","link":"https:\/\/www.chayfans.org\/blog\/2008\/04\/25\/chayanne-regresa-como-vampiro\/","title":{"rendered":"Chayanne regresa a la TV como vampiro &#8211; Chayanne returns to TV as a vampire"},"content":{"rendered":"\n<figure class=\"wp-block-image size-full\"><a href=\"https:\/\/amzn.to\/3V0p6Sf\"><img loading=\"lazy\" decoding=\"async\" width=\"356\" height=\"500\" src=\"https:\/\/www.chayfans.org\/blog\/wp-content\/uploads\/2024\/05\/chayanne-gabriel-1.jpg\" alt=\"\" class=\"wp-image-1569\" srcset=\"https:\/\/www.chayfans.org\/blog\/wp-content\/uploads\/2024\/05\/chayanne-gabriel-1.jpg 356w, https:\/\/www.chayfans.org\/blog\/wp-content\/uploads\/2024\/05\/chayanne-gabriel-1-214x300.jpg 214w\" sizes=\"auto, (max-width: 356px) 100vw, 356px\" \/><\/a><figcaption class=\"wp-element-caption\">Anuncio de Amazon &#8211; Amazon Ad<\/figcaption><\/figure>\n\n\n\n<p>Chayanne vuelve a la pantalla chica en septiembre con la miniserie de 10 cap\u00edtulos <a href=\"https:\/\/amzn.to\/3V0p6Sf\"><span style=\"font-style: italic;\">Gabriel<\/span><\/a> (Anuncio de Amazon) en MegaTV.<\/p>\n\n\n\n<p>TV Guide describe el programa como: Un vampiro busca la redenci\u00f3n mientras busca a su alma gemela reencarnada en esta miniserie neog\u00f3tica. Hace m\u00e1s de 300 a\u00f1os, la amada Eva (Ang\u00e9lica Celaya) de Gabriel (Chayanne) fue asesinada por un conquistador chupa sangre llamado Pizarro (Jos\u00e9 Luis Rodr\u00edguez), quien fue convertido en vampiro por una sacerdotisa inca. Gabriel ha estado buscando a Eva desde entonces. Hoy est\u00e1 m\u00e1s cerca que nunca de encontrarla. Si Pizarro llega a ella primero, Gabriel estar\u00e1 condenado a vivir en la oscuridad por toda la eternidad.<\/p>\n\n\n\n<p>S\u00edguenos en <a href=\"http:\/\/facebook.com\/chayfans\/\">Facebook<\/a>, <a href=\"http:\/\/twitter.com\/ChayfansOrg\">X<\/a> y <a href=\"http:\/\/threads.net\/@chayfansorg\">Threads<\/a>. \u00danase a <a href=\"https:\/\/follow.it\/chayanne-news-noticias-de-chayanne\">nuestra lista de correo<\/a>.<\/p>\n\n\n\n<iframe loading=\"lazy\" width=\"560\" height=\"315\" src=\"https:\/\/www.youtube.com\/embed\/Zx5SHbawAKs?si=jBqNHILWaqECVL0X\" title=\"YouTube video player\" frameborder=\"0\" allow=\"accelerometer; autoplay; clipboard-write; encrypted-media; gyroscope; picture-in-picture; web-share\" referrerpolicy=\"strict-origin-when-cross-origin\" allowfullscreen><\/iframe>\n\n\n\n<p>Chayanne returns to the small screen in September with the miniseries of 10 chapters <em><a href=\"https:\/\/amzn.to\/3V0p6Sf\">Gabriel<\/a> <\/em>(Amazon Ad) on MegaTV.<\/p>\n\n\n\n<p>TV Guide describes the show as: A vampire seeks redemption while searching for his reincarnated soul mate in this neo-gothic mini-series. More than 300 years ago, Gabriel&#8217;s (Chayanne) beloved Eva (Ang\u00e9lica Celaya) was killed by a blood-sucking conquistador named Pizarro (Jos\u00e9 Luis Rodr\u00edguez), who was turned into a vampire by an Inca priestess. Gabriel has been searching for Eva ever since. Today he&#8217;s closer than ever to finding her. Should Pizarro get to her first, Gabriel will be doomed to live in darkness for all eternity.<\/p>\n\n\n\n<p>Follow us on <a href=\"https:\/\/www.facebook.com\/chayfans\/\">Facebook <\/a>, <a href=\"https:\/\/twitter.com\/ChayfansOrg\">X<\/a>, and <a href=\"https:\/\/www.threads.net\/@chayfansorg\">Threads<\/a>. Join <a href=\"https:\/\/follow.it\/chayanne-news-noticias-de-chayanne\">our mailing list for the latest news on Chayanne<\/a>.<\/p>\n","protected":false},"excerpt":{"rendered":"<p>Chayanne vuelve a la pantalla chica en septiembre con la miniserie de 10 cap\u00edtulos Gabriel (Anuncio de Amazon) en MegaTV. TV Guide describe el programa como: Un vampiro busca la redenci\u00f3n mientras busca a su alma gemela reencarnada en esta miniserie neog\u00f3tica. Hace m\u00e1s de 300 a\u00f1os, la amada Eva (Ang\u00e9lica Celaya) de Gabriel (Chayanne) [&hellip;]<\/p>\n","protected":false},"author":2,"featured_media":0,"comment_status":"open","ping_status":"open","sticky":false,"template":"","format":"standard","meta":{"footnotes":""},"categories":[10],"tags":[50],"class_list":["post-479","post","type-post","status-publish","format-standard","hentry","category-acting","tag-gabriel"],"yoast_head":"<!-- This site is optimized with the Yoast SEO plugin v27.4 - https:\/\/yoast.com\/product\/yoast-seo-wordpress\/ -->\n<title>Chayanne regresa a la TV como vampiro - Chayanne returns to TV as a vampire - Chayanne News - Noticias de Chayanne<\/title>\n<meta name=\"description\" content=\"Chayanne regresa como vampiro con la miniserie de Gabriel. Chayanne returns as a vampire with the miniseries Gabriel.\" \/>\n<meta name=\"robots\" content=\"index, follow, max-snippet:-1, max-image-preview:large, max-video-preview:-1\" \/>\n<link rel=\"canonical\" href=\"https:\/\/www.chayfans.org\/blog\/2008\/04\/25\/chayanne-regresa-como-vampiro\/\" \/>\n<meta property=\"og:locale\" content=\"en_US\" \/>\n<meta property=\"og:type\" content=\"article\" \/>\n<meta property=\"og:title\" content=\"Chayanne regresa a la TV como vampiro - Chayanne returns to TV as a vampire - Chayanne News - Noticias de Chayanne\" \/>\n<meta property=\"og:description\" content=\"Chayanne regresa como vampiro con la miniserie de Gabriel. Chayanne returns as a vampire with the miniseries Gabriel.\" \/>\n<meta property=\"og:url\" content=\"https:\/\/www.chayfans.org\/blog\/2008\/04\/25\/chayanne-regresa-como-vampiro\/\" \/>\n<meta property=\"og:site_name\" content=\"Chayanne News - Noticias de Chayanne\" \/>\n<meta property=\"article:publisher\" content=\"https:\/\/www.facebook.com\/chayfans\" \/>\n<meta property=\"article:author\" content=\"http:\/\/www.facebook.com\/chayfans\" \/>\n<meta property=\"article:published_time\" content=\"2008-04-26T00:32:10+00:00\" \/>\n<meta property=\"article:modified_time\" content=\"2025-05-28T00:00:28+00:00\" \/>\n<meta property=\"og:image\" content=\"https:\/\/www.chayfans.org\/blog\/wp-content\/uploads\/2024\/05\/chayanne-gabriel-1.jpg\" \/>\n\t<meta property=\"og:image:width\" content=\"356\" \/>\n\t<meta property=\"og:image:height\" content=\"500\" \/>\n\t<meta property=\"og:image:type\" content=\"image\/jpeg\" \/>\n<meta name=\"author\" content=\"Melanie\" \/>\n<meta name=\"twitter:card\" content=\"summary_large_image\" \/>\n<meta name=\"twitter:creator\" content=\"@https:\/\/twitter.com\/ChayfansOrg\" \/>\n<meta name=\"twitter:site\" content=\"@chayfansorg\" \/>\n<meta name=\"twitter:label1\" content=\"Written by\" \/>\n\t<meta name=\"twitter:data1\" content=\"Melanie\" \/>\n\t<meta name=\"twitter:label2\" content=\"Est. reading time\" \/>\n\t<meta name=\"twitter:data2\" content=\"1 minute\" \/>\n<script type=\"application\/ld+json\" class=\"yoast-schema-graph\">{\"@context\":\"https:\\\/\\\/schema.org\",\"@graph\":[{\"@type\":\"Article\",\"@id\":\"https:\\\/\\\/www.chayfans.org\\\/blog\\\/2008\\\/04\\\/25\\\/chayanne-regresa-como-vampiro\\\/#article\",\"isPartOf\":{\"@id\":\"https:\\\/\\\/www.chayfans.org\\\/blog\\\/2008\\\/04\\\/25\\\/chayanne-regresa-como-vampiro\\\/\"},\"author\":{\"name\":\"Melanie\",\"@id\":\"https:\\\/\\\/www.chayfans.org\\\/blog\\\/#\\\/schema\\\/person\\\/e61fe4a7cf201ac20dadf8780252257d\"},\"headline\":\"Chayanne regresa a la TV como vampiro &#8211; Chayanne returns to TV as a vampire\",\"datePublished\":\"2008-04-26T00:32:10+00:00\",\"dateModified\":\"2025-05-28T00:00:28+00:00\",\"mainEntityOfPage\":{\"@id\":\"https:\\\/\\\/www.chayfans.org\\\/blog\\\/2008\\\/04\\\/25\\\/chayanne-regresa-como-vampiro\\\/\"},\"wordCount\":274,\"commentCount\":0,\"image\":{\"@id\":\"https:\\\/\\\/www.chayfans.org\\\/blog\\\/2008\\\/04\\\/25\\\/chayanne-regresa-como-vampiro\\\/#primaryimage\"},\"thumbnailUrl\":\"https:\\\/\\\/www.chayfans.org\\\/blog\\\/wp-content\\\/uploads\\\/2024\\\/05\\\/chayanne-gabriel-1.jpg\",\"keywords\":[\"Gabriel\"],\"articleSection\":[\"Acting\"],\"inLanguage\":\"en-US\",\"potentialAction\":[{\"@type\":\"CommentAction\",\"name\":\"Comment\",\"target\":[\"https:\\\/\\\/www.chayfans.org\\\/blog\\\/2008\\\/04\\\/25\\\/chayanne-regresa-como-vampiro\\\/#respond\"]}]},{\"@type\":\"WebPage\",\"@id\":\"https:\\\/\\\/www.chayfans.org\\\/blog\\\/2008\\\/04\\\/25\\\/chayanne-regresa-como-vampiro\\\/\",\"url\":\"https:\\\/\\\/www.chayfans.org\\\/blog\\\/2008\\\/04\\\/25\\\/chayanne-regresa-como-vampiro\\\/\",\"name\":\"Chayanne regresa a la TV como vampiro - Chayanne returns to TV as a vampire - Chayanne News - Noticias de Chayanne\",\"isPartOf\":{\"@id\":\"https:\\\/\\\/www.chayfans.org\\\/blog\\\/#website\"},\"primaryImageOfPage\":{\"@id\":\"https:\\\/\\\/www.chayfans.org\\\/blog\\\/2008\\\/04\\\/25\\\/chayanne-regresa-como-vampiro\\\/#primaryimage\"},\"image\":{\"@id\":\"https:\\\/\\\/www.chayfans.org\\\/blog\\\/2008\\\/04\\\/25\\\/chayanne-regresa-como-vampiro\\\/#primaryimage\"},\"thumbnailUrl\":\"https:\\\/\\\/www.chayfans.org\\\/blog\\\/wp-content\\\/uploads\\\/2024\\\/05\\\/chayanne-gabriel-1.jpg\",\"datePublished\":\"2008-04-26T00:32:10+00:00\",\"dateModified\":\"2025-05-28T00:00:28+00:00\",\"author\":{\"@id\":\"https:\\\/\\\/www.chayfans.org\\\/blog\\\/#\\\/schema\\\/person\\\/e61fe4a7cf201ac20dadf8780252257d\"},\"description\":\"Chayanne regresa como vampiro con la miniserie de Gabriel. Chayanne returns as a vampire with the miniseries Gabriel.\",\"inLanguage\":\"en-US\",\"potentialAction\":[{\"@type\":\"ReadAction\",\"target\":[\"https:\\\/\\\/www.chayfans.org\\\/blog\\\/2008\\\/04\\\/25\\\/chayanne-regresa-como-vampiro\\\/\"]}]},{\"@type\":\"ImageObject\",\"inLanguage\":\"en-US\",\"@id\":\"https:\\\/\\\/www.chayfans.org\\\/blog\\\/2008\\\/04\\\/25\\\/chayanne-regresa-como-vampiro\\\/#primaryimage\",\"url\":\"https:\\\/\\\/www.chayfans.org\\\/blog\\\/wp-content\\\/uploads\\\/2024\\\/05\\\/chayanne-gabriel-1.jpg\",\"contentUrl\":\"https:\\\/\\\/www.chayfans.org\\\/blog\\\/wp-content\\\/uploads\\\/2024\\\/05\\\/chayanne-gabriel-1.jpg\",\"width\":356,\"height\":500,\"caption\":\"Version 1.0.0\"},{\"@type\":\"WebSite\",\"@id\":\"https:\\\/\\\/www.chayfans.org\\\/blog\\\/#website\",\"url\":\"https:\\\/\\\/www.chayfans.org\\\/blog\\\/\",\"name\":\"Chayanne News - Noticias de Chayanne\",\"description\":\"The Chayanne Fans Site - www.chayfans.org\",\"potentialAction\":[{\"@type\":\"SearchAction\",\"target\":{\"@type\":\"EntryPoint\",\"urlTemplate\":\"https:\\\/\\\/www.chayfans.org\\\/blog\\\/?s={search_term_string}\"},\"query-input\":{\"@type\":\"PropertyValueSpecification\",\"valueRequired\":true,\"valueName\":\"search_term_string\"}}],\"inLanguage\":\"en-US\"},{\"@type\":\"Person\",\"@id\":\"https:\\\/\\\/www.chayfans.org\\\/blog\\\/#\\\/schema\\\/person\\\/e61fe4a7cf201ac20dadf8780252257d\",\"name\":\"Melanie\",\"image\":{\"@type\":\"ImageObject\",\"inLanguage\":\"en-US\",\"@id\":\"https:\\\/\\\/secure.gravatar.com\\\/avatar\\\/c86cc2e5fbc78e2a2cc2e477ed6d50c4203542769f0f64cdcd206e7e59133d95?s=96&d=mm&r=g\",\"url\":\"https:\\\/\\\/secure.gravatar.com\\\/avatar\\\/c86cc2e5fbc78e2a2cc2e477ed6d50c4203542769f0f64cdcd206e7e59133d95?s=96&d=mm&r=g\",\"contentUrl\":\"https:\\\/\\\/secure.gravatar.com\\\/avatar\\\/c86cc2e5fbc78e2a2cc2e477ed6d50c4203542769f0f64cdcd206e7e59133d95?s=96&d=mm&r=g\",\"caption\":\"Melanie\"},\"description\":\"Melanie ha sido fan de Chayanne desde que escuch\u00f3 por primera vez \\\"Fiesta en Am\u00e9rica\\\" \u200b\u200ben 1988. Comenz\u00f3 el sitio web de Chayfans.org en 1998. Melanie has been a Chayanne fan since she first heard \\\"Fiesta en America\\\" in 1988. She started The Chayanne Fans web site in 1998.\",\"sameAs\":[\"http:\\\/\\\/www.chayfans.org\",\"http:\\\/\\\/www.facebook.com\\\/chayfans\",\"https:\\\/\\\/www.threads.net\\\/@chayfansorg\",\"https:\\\/\\\/x.com\\\/https:\\\/\\\/twitter.com\\\/ChayfansOrg\"],\"url\":\"https:\\\/\\\/www.chayfans.org\\\/blog\\\/author\\\/melanie\\\/\"}]}<\/script>\n<!-- \/ Yoast SEO plugin. -->","yoast_head_json":{"title":"Chayanne regresa a la TV como vampiro - Chayanne returns to TV as a vampire - Chayanne News - Noticias de Chayanne","description":"Chayanne regresa como vampiro con la miniserie de Gabriel. Chayanne returns as a vampire with the miniseries Gabriel.","robots":{"index":"index","follow":"follow","max-snippet":"max-snippet:-1","max-image-preview":"max-image-preview:large","max-video-preview":"max-video-preview:-1"},"canonical":"https:\/\/www.chayfans.org\/blog\/2008\/04\/25\/chayanne-regresa-como-vampiro\/","og_locale":"en_US","og_type":"article","og_title":"Chayanne regresa a la TV como vampiro - Chayanne returns to TV as a vampire - Chayanne News - Noticias de Chayanne","og_description":"Chayanne regresa como vampiro con la miniserie de Gabriel. Chayanne returns as a vampire with the miniseries Gabriel.","og_url":"https:\/\/www.chayfans.org\/blog\/2008\/04\/25\/chayanne-regresa-como-vampiro\/","og_site_name":"Chayanne News - Noticias de Chayanne","article_publisher":"https:\/\/www.facebook.com\/chayfans","article_author":"http:\/\/www.facebook.com\/chayfans","article_published_time":"2008-04-26T00:32:10+00:00","article_modified_time":"2025-05-28T00:00:28+00:00","og_image":[{"width":356,"height":500,"url":"https:\/\/www.chayfans.org\/blog\/wp-content\/uploads\/2024\/05\/chayanne-gabriel-1.jpg","type":"image\/jpeg"}],"author":"Melanie","twitter_card":"summary_large_image","twitter_creator":"@https:\/\/twitter.com\/ChayfansOrg","twitter_site":"@chayfansorg","twitter_misc":{"Written by":"Melanie","Est. reading time":"1 minute"},"schema":{"@context":"https:\/\/schema.org","@graph":[{"@type":"Article","@id":"https:\/\/www.chayfans.org\/blog\/2008\/04\/25\/chayanne-regresa-como-vampiro\/#article","isPartOf":{"@id":"https:\/\/www.chayfans.org\/blog\/2008\/04\/25\/chayanne-regresa-como-vampiro\/"},"author":{"name":"Melanie","@id":"https:\/\/www.chayfans.org\/blog\/#\/schema\/person\/e61fe4a7cf201ac20dadf8780252257d"},"headline":"Chayanne regresa a la TV como vampiro &#8211; Chayanne returns to TV as a vampire","datePublished":"2008-04-26T00:32:10+00:00","dateModified":"2025-05-28T00:00:28+00:00","mainEntityOfPage":{"@id":"https:\/\/www.chayfans.org\/blog\/2008\/04\/25\/chayanne-regresa-como-vampiro\/"},"wordCount":274,"commentCount":0,"image":{"@id":"https:\/\/www.chayfans.org\/blog\/2008\/04\/25\/chayanne-regresa-como-vampiro\/#primaryimage"},"thumbnailUrl":"https:\/\/www.chayfans.org\/blog\/wp-content\/uploads\/2024\/05\/chayanne-gabriel-1.jpg","keywords":["Gabriel"],"articleSection":["Acting"],"inLanguage":"en-US","potentialAction":[{"@type":"CommentAction","name":"Comment","target":["https:\/\/www.chayfans.org\/blog\/2008\/04\/25\/chayanne-regresa-como-vampiro\/#respond"]}]},{"@type":"WebPage","@id":"https:\/\/www.chayfans.org\/blog\/2008\/04\/25\/chayanne-regresa-como-vampiro\/","url":"https:\/\/www.chayfans.org\/blog\/2008\/04\/25\/chayanne-regresa-como-vampiro\/","name":"Chayanne regresa a la TV como vampiro - Chayanne returns to TV as a vampire - Chayanne News - Noticias de Chayanne","isPartOf":{"@id":"https:\/\/www.chayfans.org\/blog\/#website"},"primaryImageOfPage":{"@id":"https:\/\/www.chayfans.org\/blog\/2008\/04\/25\/chayanne-regresa-como-vampiro\/#primaryimage"},"image":{"@id":"https:\/\/www.chayfans.org\/blog\/2008\/04\/25\/chayanne-regresa-como-vampiro\/#primaryimage"},"thumbnailUrl":"https:\/\/www.chayfans.org\/blog\/wp-content\/uploads\/2024\/05\/chayanne-gabriel-1.jpg","datePublished":"2008-04-26T00:32:10+00:00","dateModified":"2025-05-28T00:00:28+00:00","author":{"@id":"https:\/\/www.chayfans.org\/blog\/#\/schema\/person\/e61fe4a7cf201ac20dadf8780252257d"},"description":"Chayanne regresa como vampiro con la miniserie de Gabriel. Chayanne returns as a vampire with the miniseries Gabriel.","inLanguage":"en-US","potentialAction":[{"@type":"ReadAction","target":["https:\/\/www.chayfans.org\/blog\/2008\/04\/25\/chayanne-regresa-como-vampiro\/"]}]},{"@type":"ImageObject","inLanguage":"en-US","@id":"https:\/\/www.chayfans.org\/blog\/2008\/04\/25\/chayanne-regresa-como-vampiro\/#primaryimage","url":"https:\/\/www.chayfans.org\/blog\/wp-content\/uploads\/2024\/05\/chayanne-gabriel-1.jpg","contentUrl":"https:\/\/www.chayfans.org\/blog\/wp-content\/uploads\/2024\/05\/chayanne-gabriel-1.jpg","width":356,"height":500,"caption":"Version 1.0.0"},{"@type":"WebSite","@id":"https:\/\/www.chayfans.org\/blog\/#website","url":"https:\/\/www.chayfans.org\/blog\/","name":"Chayanne News - Noticias de Chayanne","description":"The Chayanne Fans Site - www.chayfans.org","potentialAction":[{"@type":"SearchAction","target":{"@type":"EntryPoint","urlTemplate":"https:\/\/www.chayfans.org\/blog\/?s={search_term_string}"},"query-input":{"@type":"PropertyValueSpecification","valueRequired":true,"valueName":"search_term_string"}}],"inLanguage":"en-US"},{"@type":"Person","@id":"https:\/\/www.chayfans.org\/blog\/#\/schema\/person\/e61fe4a7cf201ac20dadf8780252257d","name":"Melanie","image":{"@type":"ImageObject","inLanguage":"en-US","@id":"https:\/\/secure.gravatar.com\/avatar\/c86cc2e5fbc78e2a2cc2e477ed6d50c4203542769f0f64cdcd206e7e59133d95?s=96&d=mm&r=g","url":"https:\/\/secure.gravatar.com\/avatar\/c86cc2e5fbc78e2a2cc2e477ed6d50c4203542769f0f64cdcd206e7e59133d95?s=96&d=mm&r=g","contentUrl":"https:\/\/secure.gravatar.com\/avatar\/c86cc2e5fbc78e2a2cc2e477ed6d50c4203542769f0f64cdcd206e7e59133d95?s=96&d=mm&r=g","caption":"Melanie"},"description":"Melanie ha sido fan de Chayanne desde que escuch\u00f3 por primera vez \"Fiesta en Am\u00e9rica\" \u200b\u200ben 1988. Comenz\u00f3 el sitio web de Chayfans.org en 1998. Melanie has been a Chayanne fan since she first heard \"Fiesta en America\" in 1988. She started The Chayanne Fans web site in 1998.","sameAs":["http:\/\/www.chayfans.org","http:\/\/www.facebook.com\/chayfans","https:\/\/www.threads.net\/@chayfansorg","https:\/\/x.com\/https:\/\/twitter.com\/ChayfansOrg"],"url":"https:\/\/www.chayfans.org\/blog\/author\/melanie\/"}]}},"_links":{"self":[{"href":"https:\/\/www.chayfans.org\/blog\/wp-json\/wp\/v2\/posts\/479","targetHints":{"allow":["GET"]}}],"collection":[{"href":"https:\/\/www.chayfans.org\/blog\/wp-json\/wp\/v2\/posts"}],"about":[{"href":"https:\/\/www.chayfans.org\/blog\/wp-json\/wp\/v2\/types\/post"}],"author":[{"embeddable":true,"href":"https:\/\/www.chayfans.org\/blog\/wp-json\/wp\/v2\/users\/2"}],"replies":[{"embeddable":true,"href":"https:\/\/www.chayfans.org\/blog\/wp-json\/wp\/v2\/comments?post=479"}],"version-history":[{"count":1,"href":"https:\/\/www.chayfans.org\/blog\/wp-json\/wp\/v2\/posts\/479\/revisions"}],"predecessor-version":[{"id":2104,"href":"https:\/\/www.chayfans.org\/blog\/wp-json\/wp\/v2\/posts\/479\/revisions\/2104"}],"wp:attachment":[{"href":"https:\/\/www.chayfans.org\/blog\/wp-json\/wp\/v2\/media?parent=479"}],"wp:term":[{"taxonomy":"category","embeddable":true,"href":"https:\/\/www.chayfans.org\/blog\/wp-json\/wp\/v2\/categories?post=479"},{"taxonomy":"post_tag","embeddable":true,"href":"https:\/\/www.chayfans.org\/blog\/wp-json\/wp\/v2\/tags?post=479"}],"curies":[{"name":"wp","href":"https:\/\/api.w.org\/{rel}","templated":true}]}}