{"id":290,"date":"2007-10-05T19:29:50","date_gmt":"2007-10-06T00:29:50","guid":{"rendered":"http:\/\/www.chayfans.org\/blog\/2007\/10\/05\/lo-dejaria-todo-porque-te-quedaras\/"},"modified":"2007-10-05T19:29:50","modified_gmt":"2007-10-06T00:29:50","slug":"lo-dejaria-todo-porque-te-quedaras","status":"publish","type":"post","link":"https:\/\/www.chayfans.org\/blog\/2007\/10\/05\/lo-dejaria-todo-porque-te-quedaras\/","title":{"rendered":"Lo dejar\u00eda todo porque te quedaras&#8230;"},"content":{"rendered":"<p>Sorpresa y una larga carcajada. Esa fue la reacci\u00f3n que tuvieron la mayor\u00eda de las personas que forman parte de las despobladas filas del candidato oficialista Sergio Fares al observar que en la hoja de ruta de la campa\u00f1a proselitista del a\u00fan Presidente del EMDER aparece el recital de Chayanne, que se realizar\u00e1 este domingo en el estadio Jos\u00e9 Mar\u00eda Minella de la ciudad de Mar del Plata.<\/p>\n<p>&#8220;Est\u00e1 bien que Sergio sea fan\u00e1tico de Chayanne pero adem\u00e1s nos tenemos que comer el garr\u00f3n de ir a los actos que organiza el inoperante de \u00c1ngel Fern\u00e1ndez y la gente de Garivoto. Ahora, tambi\u00e9n, tenemos que ir al recital de este fulano. Es mucho. Faltan que nos pidan que hagamos un trencito al comp\u00e1s de la m\u00fasica de Chayanne&#8221; manifest\u00f3 un integrante de la Concertaci\u00f3n a 0223.com.ar, mascullando bronca, y con cierto humor agreg\u00f3 &#8220;quiz\u00e1s, en este evento, Sergio busque captar el voto femenino. Se calcula que habr\u00e1 m\u00e1s de 20 mil personas&#8221;.<\/p>\n<p>Source\/Fuente: <a target=\"_blank\" href=\"http:\/\/www.0223.com.ar\/detalleNoticia.php?idNoticia=9582\">Lo dejar\u00eda todo porque te quedaras&#8230;<\/a><\/p>\n","protected":false},"excerpt":{"rendered":"<p>Sorpresa y una larga carcajada. Esa fue la reacci\u00f3n que tuvieron la mayor\u00eda de las personas que forman parte de las despobladas filas del candidato oficialista Sergio Fares al observar que en la hoja de ruta de la campa\u00f1a proselitista del a\u00fan Presidente del EMDER aparece el recital de Chayanne, que se realizar\u00e1 este domingo [&hellip;]<\/p>\n","protected":false},"author":2,"featured_media":0,"comment_status":"open","ping_status":"open","sticky":false,"template":"","format":"standard","meta":{"footnotes":""},"categories":[3],"tags":[],"class_list":["post-290","post","type-post","status-publish","format-standard","hentry","category-mi-tiempo"],"yoast_head":"<!-- This site is optimized with the Yoast SEO plugin v27.4 - https:\/\/yoast.com\/product\/yoast-seo-wordpress\/ -->\n<title>Lo dejar\u00eda todo porque te quedaras... - Chayanne News - Noticias de Chayanne<\/title>\n<meta name=\"robots\" content=\"index, follow, max-snippet:-1, max-image-preview:large, max-video-preview:-1\" \/>\n<link rel=\"canonical\" href=\"https:\/\/www.chayfans.org\/blog\/2007\/10\/05\/lo-dejaria-todo-porque-te-quedaras\/\" \/>\n<meta property=\"og:locale\" content=\"en_US\" \/>\n<meta property=\"og:type\" content=\"article\" \/>\n<meta property=\"og:title\" content=\"Lo dejar\u00eda todo porque te quedaras... - Chayanne News - Noticias de Chayanne\" \/>\n<meta property=\"og:description\" content=\"Sorpresa y una larga carcajada. Esa fue la reacci\u00f3n que tuvieron la mayor\u00eda de las personas que forman parte de las despobladas filas del candidato oficialista Sergio Fares al observar que en la hoja de ruta de la campa\u00f1a proselitista del a\u00fan Presidente del EMDER aparece el recital de Chayanne, que se realizar\u00e1 este domingo [&hellip;]\" \/>\n<meta property=\"og:url\" content=\"https:\/\/www.chayfans.org\/blog\/2007\/10\/05\/lo-dejaria-todo-porque-te-quedaras\/\" \/>\n<meta property=\"og:site_name\" content=\"Chayanne News - Noticias de Chayanne\" \/>\n<meta property=\"article:publisher\" content=\"https:\/\/www.facebook.com\/chayfans\" \/>\n<meta property=\"article:author\" content=\"http:\/\/www.facebook.com\/chayfans\" \/>\n<meta property=\"article:published_time\" content=\"2007-10-06T00:29:50+00:00\" \/>\n<meta name=\"author\" content=\"Melanie\" \/>\n<meta name=\"twitter:card\" content=\"summary_large_image\" \/>\n<meta name=\"twitter:creator\" content=\"@https:\/\/twitter.com\/ChayfansOrg\" \/>\n<meta name=\"twitter:site\" content=\"@chayfansorg\" \/>\n<meta name=\"twitter:label1\" content=\"Written by\" \/>\n\t<meta name=\"twitter:data1\" content=\"Melanie\" \/>\n\t<meta name=\"twitter:label2\" content=\"Est. reading time\" \/>\n\t<meta name=\"twitter:data2\" content=\"1 minute\" \/>\n<script type=\"application\/ld+json\" class=\"yoast-schema-graph\">{\"@context\":\"https:\\\/\\\/schema.org\",\"@graph\":[{\"@type\":\"Article\",\"@id\":\"https:\\\/\\\/www.chayfans.org\\\/blog\\\/2007\\\/10\\\/05\\\/lo-dejaria-todo-porque-te-quedaras\\\/#article\",\"isPartOf\":{\"@id\":\"https:\\\/\\\/www.chayfans.org\\\/blog\\\/2007\\\/10\\\/05\\\/lo-dejaria-todo-porque-te-quedaras\\\/\"},\"author\":{\"name\":\"Melanie\",\"@id\":\"https:\\\/\\\/www.chayfans.org\\\/blog\\\/#\\\/schema\\\/person\\\/e61fe4a7cf201ac20dadf8780252257d\"},\"headline\":\"Lo dejar\u00eda todo porque te quedaras&#8230;\",\"datePublished\":\"2007-10-06T00:29:50+00:00\",\"mainEntityOfPage\":{\"@id\":\"https:\\\/\\\/www.chayfans.org\\\/blog\\\/2007\\\/10\\\/05\\\/lo-dejaria-todo-porque-te-quedaras\\\/\"},\"wordCount\":193,\"commentCount\":0,\"articleSection\":[\"Mi Tiempo\"],\"inLanguage\":\"en-US\",\"potentialAction\":[{\"@type\":\"CommentAction\",\"name\":\"Comment\",\"target\":[\"https:\\\/\\\/www.chayfans.org\\\/blog\\\/2007\\\/10\\\/05\\\/lo-dejaria-todo-porque-te-quedaras\\\/#respond\"]}]},{\"@type\":\"WebPage\",\"@id\":\"https:\\\/\\\/www.chayfans.org\\\/blog\\\/2007\\\/10\\\/05\\\/lo-dejaria-todo-porque-te-quedaras\\\/\",\"url\":\"https:\\\/\\\/www.chayfans.org\\\/blog\\\/2007\\\/10\\\/05\\\/lo-dejaria-todo-porque-te-quedaras\\\/\",\"name\":\"Lo dejar\u00eda todo porque te quedaras... - Chayanne News - Noticias de Chayanne\",\"isPartOf\":{\"@id\":\"https:\\\/\\\/www.chayfans.org\\\/blog\\\/#website\"},\"datePublished\":\"2007-10-06T00:29:50+00:00\",\"author\":{\"@id\":\"https:\\\/\\\/www.chayfans.org\\\/blog\\\/#\\\/schema\\\/person\\\/e61fe4a7cf201ac20dadf8780252257d\"},\"inLanguage\":\"en-US\",\"potentialAction\":[{\"@type\":\"ReadAction\",\"target\":[\"https:\\\/\\\/www.chayfans.org\\\/blog\\\/2007\\\/10\\\/05\\\/lo-dejaria-todo-porque-te-quedaras\\\/\"]}]},{\"@type\":\"WebSite\",\"@id\":\"https:\\\/\\\/www.chayfans.org\\\/blog\\\/#website\",\"url\":\"https:\\\/\\\/www.chayfans.org\\\/blog\\\/\",\"name\":\"Chayanne News - Noticias de Chayanne\",\"description\":\"The Chayanne Fans Site - www.chayfans.org\",\"potentialAction\":[{\"@type\":\"SearchAction\",\"target\":{\"@type\":\"EntryPoint\",\"urlTemplate\":\"https:\\\/\\\/www.chayfans.org\\\/blog\\\/?s={search_term_string}\"},\"query-input\":{\"@type\":\"PropertyValueSpecification\",\"valueRequired\":true,\"valueName\":\"search_term_string\"}}],\"inLanguage\":\"en-US\"},{\"@type\":\"Person\",\"@id\":\"https:\\\/\\\/www.chayfans.org\\\/blog\\\/#\\\/schema\\\/person\\\/e61fe4a7cf201ac20dadf8780252257d\",\"name\":\"Melanie\",\"image\":{\"@type\":\"ImageObject\",\"inLanguage\":\"en-US\",\"@id\":\"https:\\\/\\\/secure.gravatar.com\\\/avatar\\\/c86cc2e5fbc78e2a2cc2e477ed6d50c4203542769f0f64cdcd206e7e59133d95?s=96&d=mm&r=g\",\"url\":\"https:\\\/\\\/secure.gravatar.com\\\/avatar\\\/c86cc2e5fbc78e2a2cc2e477ed6d50c4203542769f0f64cdcd206e7e59133d95?s=96&d=mm&r=g\",\"contentUrl\":\"https:\\\/\\\/secure.gravatar.com\\\/avatar\\\/c86cc2e5fbc78e2a2cc2e477ed6d50c4203542769f0f64cdcd206e7e59133d95?s=96&d=mm&r=g\",\"caption\":\"Melanie\"},\"description\":\"Melanie ha sido fan de Chayanne desde que escuch\u00f3 por primera vez \\\"Fiesta en Am\u00e9rica\\\" \u200b\u200ben 1988. Comenz\u00f3 el sitio web de Chayfans.org en 1998. Melanie has been a Chayanne fan since she first heard \\\"Fiesta en America\\\" in 1988. She started The Chayanne Fans web site in 1998.\",\"sameAs\":[\"http:\\\/\\\/www.chayfans.org\",\"http:\\\/\\\/www.facebook.com\\\/chayfans\",\"https:\\\/\\\/www.threads.net\\\/@chayfansorg\",\"https:\\\/\\\/x.com\\\/https:\\\/\\\/twitter.com\\\/ChayfansOrg\"],\"url\":\"https:\\\/\\\/www.chayfans.org\\\/blog\\\/author\\\/melanie\\\/\"}]}<\/script>\n<!-- \/ Yoast SEO plugin. -->","yoast_head_json":{"title":"Lo dejar\u00eda todo porque te quedaras... - Chayanne News - Noticias de Chayanne","robots":{"index":"index","follow":"follow","max-snippet":"max-snippet:-1","max-image-preview":"max-image-preview:large","max-video-preview":"max-video-preview:-1"},"canonical":"https:\/\/www.chayfans.org\/blog\/2007\/10\/05\/lo-dejaria-todo-porque-te-quedaras\/","og_locale":"en_US","og_type":"article","og_title":"Lo dejar\u00eda todo porque te quedaras... - Chayanne News - Noticias de Chayanne","og_description":"Sorpresa y una larga carcajada. Esa fue la reacci\u00f3n que tuvieron la mayor\u00eda de las personas que forman parte de las despobladas filas del candidato oficialista Sergio Fares al observar que en la hoja de ruta de la campa\u00f1a proselitista del a\u00fan Presidente del EMDER aparece el recital de Chayanne, que se realizar\u00e1 este domingo [&hellip;]","og_url":"https:\/\/www.chayfans.org\/blog\/2007\/10\/05\/lo-dejaria-todo-porque-te-quedaras\/","og_site_name":"Chayanne News - Noticias de Chayanne","article_publisher":"https:\/\/www.facebook.com\/chayfans","article_author":"http:\/\/www.facebook.com\/chayfans","article_published_time":"2007-10-06T00:29:50+00:00","author":"Melanie","twitter_card":"summary_large_image","twitter_creator":"@https:\/\/twitter.com\/ChayfansOrg","twitter_site":"@chayfansorg","twitter_misc":{"Written by":"Melanie","Est. reading time":"1 minute"},"schema":{"@context":"https:\/\/schema.org","@graph":[{"@type":"Article","@id":"https:\/\/www.chayfans.org\/blog\/2007\/10\/05\/lo-dejaria-todo-porque-te-quedaras\/#article","isPartOf":{"@id":"https:\/\/www.chayfans.org\/blog\/2007\/10\/05\/lo-dejaria-todo-porque-te-quedaras\/"},"author":{"name":"Melanie","@id":"https:\/\/www.chayfans.org\/blog\/#\/schema\/person\/e61fe4a7cf201ac20dadf8780252257d"},"headline":"Lo dejar\u00eda todo porque te quedaras&#8230;","datePublished":"2007-10-06T00:29:50+00:00","mainEntityOfPage":{"@id":"https:\/\/www.chayfans.org\/blog\/2007\/10\/05\/lo-dejaria-todo-porque-te-quedaras\/"},"wordCount":193,"commentCount":0,"articleSection":["Mi Tiempo"],"inLanguage":"en-US","potentialAction":[{"@type":"CommentAction","name":"Comment","target":["https:\/\/www.chayfans.org\/blog\/2007\/10\/05\/lo-dejaria-todo-porque-te-quedaras\/#respond"]}]},{"@type":"WebPage","@id":"https:\/\/www.chayfans.org\/blog\/2007\/10\/05\/lo-dejaria-todo-porque-te-quedaras\/","url":"https:\/\/www.chayfans.org\/blog\/2007\/10\/05\/lo-dejaria-todo-porque-te-quedaras\/","name":"Lo dejar\u00eda todo porque te quedaras... - Chayanne News - Noticias de Chayanne","isPartOf":{"@id":"https:\/\/www.chayfans.org\/blog\/#website"},"datePublished":"2007-10-06T00:29:50+00:00","author":{"@id":"https:\/\/www.chayfans.org\/blog\/#\/schema\/person\/e61fe4a7cf201ac20dadf8780252257d"},"inLanguage":"en-US","potentialAction":[{"@type":"ReadAction","target":["https:\/\/www.chayfans.org\/blog\/2007\/10\/05\/lo-dejaria-todo-porque-te-quedaras\/"]}]},{"@type":"WebSite","@id":"https:\/\/www.chayfans.org\/blog\/#website","url":"https:\/\/www.chayfans.org\/blog\/","name":"Chayanne News - Noticias de Chayanne","description":"The Chayanne Fans Site - www.chayfans.org","potentialAction":[{"@type":"SearchAction","target":{"@type":"EntryPoint","urlTemplate":"https:\/\/www.chayfans.org\/blog\/?s={search_term_string}"},"query-input":{"@type":"PropertyValueSpecification","valueRequired":true,"valueName":"search_term_string"}}],"inLanguage":"en-US"},{"@type":"Person","@id":"https:\/\/www.chayfans.org\/blog\/#\/schema\/person\/e61fe4a7cf201ac20dadf8780252257d","name":"Melanie","image":{"@type":"ImageObject","inLanguage":"en-US","@id":"https:\/\/secure.gravatar.com\/avatar\/c86cc2e5fbc78e2a2cc2e477ed6d50c4203542769f0f64cdcd206e7e59133d95?s=96&d=mm&r=g","url":"https:\/\/secure.gravatar.com\/avatar\/c86cc2e5fbc78e2a2cc2e477ed6d50c4203542769f0f64cdcd206e7e59133d95?s=96&d=mm&r=g","contentUrl":"https:\/\/secure.gravatar.com\/avatar\/c86cc2e5fbc78e2a2cc2e477ed6d50c4203542769f0f64cdcd206e7e59133d95?s=96&d=mm&r=g","caption":"Melanie"},"description":"Melanie ha sido fan de Chayanne desde que escuch\u00f3 por primera vez \"Fiesta en Am\u00e9rica\" \u200b\u200ben 1988. Comenz\u00f3 el sitio web de Chayfans.org en 1998. Melanie has been a Chayanne fan since she first heard \"Fiesta en America\" in 1988. She started The Chayanne Fans web site in 1998.","sameAs":["http:\/\/www.chayfans.org","http:\/\/www.facebook.com\/chayfans","https:\/\/www.threads.net\/@chayfansorg","https:\/\/x.com\/https:\/\/twitter.com\/ChayfansOrg"],"url":"https:\/\/www.chayfans.org\/blog\/author\/melanie\/"}]}},"_links":{"self":[{"href":"https:\/\/www.chayfans.org\/blog\/wp-json\/wp\/v2\/posts\/290","targetHints":{"allow":["GET"]}}],"collection":[{"href":"https:\/\/www.chayfans.org\/blog\/wp-json\/wp\/v2\/posts"}],"about":[{"href":"https:\/\/www.chayfans.org\/blog\/wp-json\/wp\/v2\/types\/post"}],"author":[{"embeddable":true,"href":"https:\/\/www.chayfans.org\/blog\/wp-json\/wp\/v2\/users\/2"}],"replies":[{"embeddable":true,"href":"https:\/\/www.chayfans.org\/blog\/wp-json\/wp\/v2\/comments?post=290"}],"version-history":[{"count":0,"href":"https:\/\/www.chayfans.org\/blog\/wp-json\/wp\/v2\/posts\/290\/revisions"}],"wp:attachment":[{"href":"https:\/\/www.chayfans.org\/blog\/wp-json\/wp\/v2\/media?parent=290"}],"wp:term":[{"taxonomy":"category","embeddable":true,"href":"https:\/\/www.chayfans.org\/blog\/wp-json\/wp\/v2\/categories?post=290"},{"taxonomy":"post_tag","embeddable":true,"href":"https:\/\/www.chayfans.org\/blog\/wp-json\/wp\/v2\/tags?post=290"}],"curies":[{"name":"wp","href":"https:\/\/api.w.org\/{rel}","templated":true}]}}