{"id":276,"date":"2007-09-26T18:48:20","date_gmt":"2007-09-26T23:48:20","guid":{"rendered":"http:\/\/www.chayfans.org\/blog\/2007\/09\/26\/220-pm-euforia-por-conciertos-de-chayanne\/"},"modified":"2007-09-26T18:48:20","modified_gmt":"2007-09-26T23:48:20","slug":"220-pm-euforia-por-conciertos-de-chayanne","status":"publish","type":"post","link":"https:\/\/www.chayfans.org\/blog\/2007\/09\/26\/220-pm-euforia-por-conciertos-de-chayanne\/","title":{"rendered":"2:20 PM. Euforia por conciertos de Chayanne"},"content":{"rendered":"<p>La euforia y las expectativas sobre la presentaci\u00f3n que realizar\u00e1 el cantante puertorrique\u00f1o Chayanne el pr\u00f3ximo jueves en El Salvador son cada vez m\u00e1s amplias, al grado que se han incrementado las llamadas que hacen sus seguidores a las radioemisoras para solicitar su m\u00fasica.<br \/>\nEl artista boricua, quien promocionar\u00e1 en este pa\u00eds su \u00e1lbum m\u00e1s reciente titulado \u201cMi tiempo\u201d, ofrecer\u00e1 el esperado concierto en el Gimnasio Nacional.\u00a0<\/p>\n<p>Source\/Fuente: <a target=\"_blank\" href=\"http:\/\/www.esmas.com\/laoreja\/664236.html\">2:20 PM. Euforia por conciertos de Chayanne<\/a><\/p>\n","protected":false},"excerpt":{"rendered":"<p>La euforia y las expectativas sobre la presentaci\u00f3n que realizar\u00e1 el cantante puertorrique\u00f1o Chayanne el pr\u00f3ximo jueves en El Salvador son cada vez m\u00e1s amplias, al grado que se han incrementado las llamadas que hacen sus seguidores a las radioemisoras para solicitar su m\u00fasica. El artista boricua, quien promocionar\u00e1 en este pa\u00eds su \u00e1lbum m\u00e1s [&hellip;]<\/p>\n","protected":false},"author":2,"featured_media":0,"comment_status":"open","ping_status":"open","sticky":false,"template":"","format":"standard","meta":{"footnotes":""},"categories":[3],"tags":[],"class_list":["post-276","post","type-post","status-publish","format-standard","hentry","category-mi-tiempo"],"yoast_head":"<!-- This site is optimized with the Yoast SEO plugin v27.4 - https:\/\/yoast.com\/product\/yoast-seo-wordpress\/ -->\n<title>2:20 PM. Euforia por conciertos de Chayanne - Chayanne News - Noticias de Chayanne<\/title>\n<meta name=\"robots\" content=\"index, follow, max-snippet:-1, max-image-preview:large, max-video-preview:-1\" \/>\n<link rel=\"canonical\" href=\"https:\/\/www.chayfans.org\/blog\/2007\/09\/26\/220-pm-euforia-por-conciertos-de-chayanne\/\" \/>\n<meta property=\"og:locale\" content=\"en_US\" \/>\n<meta property=\"og:type\" content=\"article\" \/>\n<meta property=\"og:title\" content=\"2:20 PM. Euforia por conciertos de Chayanne - Chayanne News - Noticias de Chayanne\" \/>\n<meta property=\"og:description\" content=\"La euforia y las expectativas sobre la presentaci\u00f3n que realizar\u00e1 el cantante puertorrique\u00f1o Chayanne el pr\u00f3ximo jueves en El Salvador son cada vez m\u00e1s amplias, al grado que se han incrementado las llamadas que hacen sus seguidores a las radioemisoras para solicitar su m\u00fasica. El artista boricua, quien promocionar\u00e1 en este pa\u00eds su \u00e1lbum m\u00e1s [&hellip;]\" \/>\n<meta property=\"og:url\" content=\"https:\/\/www.chayfans.org\/blog\/2007\/09\/26\/220-pm-euforia-por-conciertos-de-chayanne\/\" \/>\n<meta property=\"og:site_name\" content=\"Chayanne News - Noticias de Chayanne\" \/>\n<meta property=\"article:publisher\" content=\"https:\/\/www.facebook.com\/chayfans\" \/>\n<meta property=\"article:author\" content=\"http:\/\/www.facebook.com\/chayfans\" \/>\n<meta property=\"article:published_time\" content=\"2007-09-26T23:48:20+00:00\" \/>\n<meta name=\"author\" content=\"Melanie\" \/>\n<meta name=\"twitter:card\" content=\"summary_large_image\" \/>\n<meta name=\"twitter:creator\" content=\"@https:\/\/twitter.com\/ChayfansOrg\" \/>\n<meta name=\"twitter:site\" content=\"@chayfansorg\" \/>\n<meta name=\"twitter:label1\" content=\"Written by\" \/>\n\t<meta name=\"twitter:data1\" content=\"Melanie\" \/>\n<script type=\"application\/ld+json\" class=\"yoast-schema-graph\">{\"@context\":\"https:\\\/\\\/schema.org\",\"@graph\":[{\"@type\":\"Article\",\"@id\":\"https:\\\/\\\/www.chayfans.org\\\/blog\\\/2007\\\/09\\\/26\\\/220-pm-euforia-por-conciertos-de-chayanne\\\/#article\",\"isPartOf\":{\"@id\":\"https:\\\/\\\/www.chayfans.org\\\/blog\\\/2007\\\/09\\\/26\\\/220-pm-euforia-por-conciertos-de-chayanne\\\/\"},\"author\":{\"name\":\"Melanie\",\"@id\":\"https:\\\/\\\/www.chayfans.org\\\/blog\\\/#\\\/schema\\\/person\\\/e61fe4a7cf201ac20dadf8780252257d\"},\"headline\":\"2:20 PM. Euforia por conciertos de Chayanne\",\"datePublished\":\"2007-09-26T23:48:20+00:00\",\"mainEntityOfPage\":{\"@id\":\"https:\\\/\\\/www.chayfans.org\\\/blog\\\/2007\\\/09\\\/26\\\/220-pm-euforia-por-conciertos-de-chayanne\\\/\"},\"wordCount\":88,\"commentCount\":0,\"articleSection\":[\"Mi Tiempo\"],\"inLanguage\":\"en-US\",\"potentialAction\":[{\"@type\":\"CommentAction\",\"name\":\"Comment\",\"target\":[\"https:\\\/\\\/www.chayfans.org\\\/blog\\\/2007\\\/09\\\/26\\\/220-pm-euforia-por-conciertos-de-chayanne\\\/#respond\"]}]},{\"@type\":\"WebPage\",\"@id\":\"https:\\\/\\\/www.chayfans.org\\\/blog\\\/2007\\\/09\\\/26\\\/220-pm-euforia-por-conciertos-de-chayanne\\\/\",\"url\":\"https:\\\/\\\/www.chayfans.org\\\/blog\\\/2007\\\/09\\\/26\\\/220-pm-euforia-por-conciertos-de-chayanne\\\/\",\"name\":\"2:20 PM. Euforia por conciertos de Chayanne - Chayanne News - Noticias de Chayanne\",\"isPartOf\":{\"@id\":\"https:\\\/\\\/www.chayfans.org\\\/blog\\\/#website\"},\"datePublished\":\"2007-09-26T23:48:20+00:00\",\"author\":{\"@id\":\"https:\\\/\\\/www.chayfans.org\\\/blog\\\/#\\\/schema\\\/person\\\/e61fe4a7cf201ac20dadf8780252257d\"},\"inLanguage\":\"en-US\",\"potentialAction\":[{\"@type\":\"ReadAction\",\"target\":[\"https:\\\/\\\/www.chayfans.org\\\/blog\\\/2007\\\/09\\\/26\\\/220-pm-euforia-por-conciertos-de-chayanne\\\/\"]}]},{\"@type\":\"WebSite\",\"@id\":\"https:\\\/\\\/www.chayfans.org\\\/blog\\\/#website\",\"url\":\"https:\\\/\\\/www.chayfans.org\\\/blog\\\/\",\"name\":\"Chayanne News - Noticias de Chayanne\",\"description\":\"The Chayanne Fans Site - www.chayfans.org\",\"potentialAction\":[{\"@type\":\"SearchAction\",\"target\":{\"@type\":\"EntryPoint\",\"urlTemplate\":\"https:\\\/\\\/www.chayfans.org\\\/blog\\\/?s={search_term_string}\"},\"query-input\":{\"@type\":\"PropertyValueSpecification\",\"valueRequired\":true,\"valueName\":\"search_term_string\"}}],\"inLanguage\":\"en-US\"},{\"@type\":\"Person\",\"@id\":\"https:\\\/\\\/www.chayfans.org\\\/blog\\\/#\\\/schema\\\/person\\\/e61fe4a7cf201ac20dadf8780252257d\",\"name\":\"Melanie\",\"image\":{\"@type\":\"ImageObject\",\"inLanguage\":\"en-US\",\"@id\":\"https:\\\/\\\/secure.gravatar.com\\\/avatar\\\/c86cc2e5fbc78e2a2cc2e477ed6d50c4203542769f0f64cdcd206e7e59133d95?s=96&d=mm&r=g\",\"url\":\"https:\\\/\\\/secure.gravatar.com\\\/avatar\\\/c86cc2e5fbc78e2a2cc2e477ed6d50c4203542769f0f64cdcd206e7e59133d95?s=96&d=mm&r=g\",\"contentUrl\":\"https:\\\/\\\/secure.gravatar.com\\\/avatar\\\/c86cc2e5fbc78e2a2cc2e477ed6d50c4203542769f0f64cdcd206e7e59133d95?s=96&d=mm&r=g\",\"caption\":\"Melanie\"},\"description\":\"Melanie ha sido fan de Chayanne desde que escuch\u00f3 por primera vez \\\"Fiesta en Am\u00e9rica\\\" \u200b\u200ben 1988. Comenz\u00f3 el sitio web de Chayfans.org en 1998. Melanie has been a Chayanne fan since she first heard \\\"Fiesta en America\\\" in 1988. She started The Chayanne Fans web site in 1998.\",\"sameAs\":[\"http:\\\/\\\/www.chayfans.org\",\"http:\\\/\\\/www.facebook.com\\\/chayfans\",\"https:\\\/\\\/www.threads.net\\\/@chayfansorg\",\"https:\\\/\\\/x.com\\\/https:\\\/\\\/twitter.com\\\/ChayfansOrg\"],\"url\":\"https:\\\/\\\/www.chayfans.org\\\/blog\\\/author\\\/melanie\\\/\"}]}<\/script>\n<!-- \/ Yoast SEO plugin. -->","yoast_head_json":{"title":"2:20 PM. Euforia por conciertos de Chayanne - Chayanne News - Noticias de Chayanne","robots":{"index":"index","follow":"follow","max-snippet":"max-snippet:-1","max-image-preview":"max-image-preview:large","max-video-preview":"max-video-preview:-1"},"canonical":"https:\/\/www.chayfans.org\/blog\/2007\/09\/26\/220-pm-euforia-por-conciertos-de-chayanne\/","og_locale":"en_US","og_type":"article","og_title":"2:20 PM. Euforia por conciertos de Chayanne - Chayanne News - Noticias de Chayanne","og_description":"La euforia y las expectativas sobre la presentaci\u00f3n que realizar\u00e1 el cantante puertorrique\u00f1o Chayanne el pr\u00f3ximo jueves en El Salvador son cada vez m\u00e1s amplias, al grado que se han incrementado las llamadas que hacen sus seguidores a las radioemisoras para solicitar su m\u00fasica. El artista boricua, quien promocionar\u00e1 en este pa\u00eds su \u00e1lbum m\u00e1s [&hellip;]","og_url":"https:\/\/www.chayfans.org\/blog\/2007\/09\/26\/220-pm-euforia-por-conciertos-de-chayanne\/","og_site_name":"Chayanne News - Noticias de Chayanne","article_publisher":"https:\/\/www.facebook.com\/chayfans","article_author":"http:\/\/www.facebook.com\/chayfans","article_published_time":"2007-09-26T23:48:20+00:00","author":"Melanie","twitter_card":"summary_large_image","twitter_creator":"@https:\/\/twitter.com\/ChayfansOrg","twitter_site":"@chayfansorg","twitter_misc":{"Written by":"Melanie"},"schema":{"@context":"https:\/\/schema.org","@graph":[{"@type":"Article","@id":"https:\/\/www.chayfans.org\/blog\/2007\/09\/26\/220-pm-euforia-por-conciertos-de-chayanne\/#article","isPartOf":{"@id":"https:\/\/www.chayfans.org\/blog\/2007\/09\/26\/220-pm-euforia-por-conciertos-de-chayanne\/"},"author":{"name":"Melanie","@id":"https:\/\/www.chayfans.org\/blog\/#\/schema\/person\/e61fe4a7cf201ac20dadf8780252257d"},"headline":"2:20 PM. Euforia por conciertos de Chayanne","datePublished":"2007-09-26T23:48:20+00:00","mainEntityOfPage":{"@id":"https:\/\/www.chayfans.org\/blog\/2007\/09\/26\/220-pm-euforia-por-conciertos-de-chayanne\/"},"wordCount":88,"commentCount":0,"articleSection":["Mi Tiempo"],"inLanguage":"en-US","potentialAction":[{"@type":"CommentAction","name":"Comment","target":["https:\/\/www.chayfans.org\/blog\/2007\/09\/26\/220-pm-euforia-por-conciertos-de-chayanne\/#respond"]}]},{"@type":"WebPage","@id":"https:\/\/www.chayfans.org\/blog\/2007\/09\/26\/220-pm-euforia-por-conciertos-de-chayanne\/","url":"https:\/\/www.chayfans.org\/blog\/2007\/09\/26\/220-pm-euforia-por-conciertos-de-chayanne\/","name":"2:20 PM. Euforia por conciertos de Chayanne - Chayanne News - Noticias de Chayanne","isPartOf":{"@id":"https:\/\/www.chayfans.org\/blog\/#website"},"datePublished":"2007-09-26T23:48:20+00:00","author":{"@id":"https:\/\/www.chayfans.org\/blog\/#\/schema\/person\/e61fe4a7cf201ac20dadf8780252257d"},"inLanguage":"en-US","potentialAction":[{"@type":"ReadAction","target":["https:\/\/www.chayfans.org\/blog\/2007\/09\/26\/220-pm-euforia-por-conciertos-de-chayanne\/"]}]},{"@type":"WebSite","@id":"https:\/\/www.chayfans.org\/blog\/#website","url":"https:\/\/www.chayfans.org\/blog\/","name":"Chayanne News - Noticias de Chayanne","description":"The Chayanne Fans Site - www.chayfans.org","potentialAction":[{"@type":"SearchAction","target":{"@type":"EntryPoint","urlTemplate":"https:\/\/www.chayfans.org\/blog\/?s={search_term_string}"},"query-input":{"@type":"PropertyValueSpecification","valueRequired":true,"valueName":"search_term_string"}}],"inLanguage":"en-US"},{"@type":"Person","@id":"https:\/\/www.chayfans.org\/blog\/#\/schema\/person\/e61fe4a7cf201ac20dadf8780252257d","name":"Melanie","image":{"@type":"ImageObject","inLanguage":"en-US","@id":"https:\/\/secure.gravatar.com\/avatar\/c86cc2e5fbc78e2a2cc2e477ed6d50c4203542769f0f64cdcd206e7e59133d95?s=96&d=mm&r=g","url":"https:\/\/secure.gravatar.com\/avatar\/c86cc2e5fbc78e2a2cc2e477ed6d50c4203542769f0f64cdcd206e7e59133d95?s=96&d=mm&r=g","contentUrl":"https:\/\/secure.gravatar.com\/avatar\/c86cc2e5fbc78e2a2cc2e477ed6d50c4203542769f0f64cdcd206e7e59133d95?s=96&d=mm&r=g","caption":"Melanie"},"description":"Melanie ha sido fan de Chayanne desde que escuch\u00f3 por primera vez \"Fiesta en Am\u00e9rica\" \u200b\u200ben 1988. Comenz\u00f3 el sitio web de Chayfans.org en 1998. Melanie has been a Chayanne fan since she first heard \"Fiesta en America\" in 1988. She started The Chayanne Fans web site in 1998.","sameAs":["http:\/\/www.chayfans.org","http:\/\/www.facebook.com\/chayfans","https:\/\/www.threads.net\/@chayfansorg","https:\/\/x.com\/https:\/\/twitter.com\/ChayfansOrg"],"url":"https:\/\/www.chayfans.org\/blog\/author\/melanie\/"}]}},"_links":{"self":[{"href":"https:\/\/www.chayfans.org\/blog\/wp-json\/wp\/v2\/posts\/276","targetHints":{"allow":["GET"]}}],"collection":[{"href":"https:\/\/www.chayfans.org\/blog\/wp-json\/wp\/v2\/posts"}],"about":[{"href":"https:\/\/www.chayfans.org\/blog\/wp-json\/wp\/v2\/types\/post"}],"author":[{"embeddable":true,"href":"https:\/\/www.chayfans.org\/blog\/wp-json\/wp\/v2\/users\/2"}],"replies":[{"embeddable":true,"href":"https:\/\/www.chayfans.org\/blog\/wp-json\/wp\/v2\/comments?post=276"}],"version-history":[{"count":0,"href":"https:\/\/www.chayfans.org\/blog\/wp-json\/wp\/v2\/posts\/276\/revisions"}],"wp:attachment":[{"href":"https:\/\/www.chayfans.org\/blog\/wp-json\/wp\/v2\/media?parent=276"}],"wp:term":[{"taxonomy":"category","embeddable":true,"href":"https:\/\/www.chayfans.org\/blog\/wp-json\/wp\/v2\/categories?post=276"},{"taxonomy":"post_tag","embeddable":true,"href":"https:\/\/www.chayfans.org\/blog\/wp-json\/wp\/v2\/tags?post=276"}],"curies":[{"name":"wp","href":"https:\/\/api.w.org\/{rel}","templated":true}]}}