{"id":180,"date":"2007-07-31T19:54:01","date_gmt":"2007-08-01T00:54:01","guid":{"rendered":"http:\/\/www.chayfans.org\/blog\/2007\/07\/31\/anuncian-a-mana-julieta-venegas-y-chayanne-para-vina-del-mar-2008\/"},"modified":"2007-07-31T19:54:01","modified_gmt":"2007-08-01T00:54:01","slug":"anuncian-a-mana-julieta-venegas-y-chayanne-para-vina-del-mar-2008","status":"publish","type":"post","link":"https:\/\/www.chayfans.org\/blog\/2007\/07\/31\/anuncian-a-mana-julieta-venegas-y-chayanne-para-vina-del-mar-2008\/","title":{"rendered":"Anuncian a Man\u00e1, Julieta Venegas y Chayanne para Vi\u00f1a del Mar 2008"},"content":{"rendered":"<p>Los mexicanos Julieta Venegas y el grupo Man\u00e1, adem\u00e1s del puertorrique\u00f1o Chayanne actuar\u00e1n en el Festival Internacional de la Canci\u00f3n de Vi\u00f1a del Mar 2008, anunci\u00f3 el concejal de la Alcald\u00eda de ese balneario chileno, Andr\u00e9s Celis.<\/p>\n<p>La autoridad municipal dijo este lunes en declaraciones a radio Cooperativa que los productores del certamen musical firmaron un &#8220;pre-acuerdo&#8221; con la banda mexicana RBD, la cual tiene gran \u00e9xito en esta naci\u00f3n sudamericana.\u00a0<\/p>\n<p><a target=\"_blank\" href=\"http:\/\/www.cronica.com.mx\/nota.php?id_nota=314786\">More\/M\u00e1s<\/a><\/p>\n","protected":false},"excerpt":{"rendered":"<p>Los mexicanos Julieta Venegas y el grupo Man\u00e1, adem\u00e1s del puertorrique\u00f1o Chayanne actuar\u00e1n en el Festival Internacional de la Canci\u00f3n de Vi\u00f1a del Mar 2008, anunci\u00f3 el concejal de la Alcald\u00eda de ese balneario chileno, Andr\u00e9s Celis. La autoridad municipal dijo este lunes en declaraciones a radio Cooperativa que los productores del certamen musical firmaron [&hellip;]<\/p>\n","protected":false},"author":2,"featured_media":0,"comment_status":"open","ping_status":"open","sticky":false,"template":"","format":"standard","meta":{"footnotes":""},"categories":[3],"tags":[],"class_list":["post-180","post","type-post","status-publish","format-standard","hentry","category-mi-tiempo"],"yoast_head":"<!-- This site is optimized with the Yoast SEO plugin v27.4 - https:\/\/yoast.com\/product\/yoast-seo-wordpress\/ -->\n<title>Anuncian a Man\u00e1, Julieta Venegas y Chayanne para Vi\u00f1a del Mar 2008 - Chayanne News - Noticias de Chayanne<\/title>\n<meta name=\"robots\" content=\"index, follow, max-snippet:-1, max-image-preview:large, max-video-preview:-1\" \/>\n<link rel=\"canonical\" href=\"https:\/\/www.chayfans.org\/blog\/2007\/07\/31\/anuncian-a-mana-julieta-venegas-y-chayanne-para-vina-del-mar-2008\/\" \/>\n<meta property=\"og:locale\" content=\"en_US\" \/>\n<meta property=\"og:type\" content=\"article\" \/>\n<meta property=\"og:title\" content=\"Anuncian a Man\u00e1, Julieta Venegas y Chayanne para Vi\u00f1a del Mar 2008 - Chayanne News - Noticias de Chayanne\" \/>\n<meta property=\"og:description\" content=\"Los mexicanos Julieta Venegas y el grupo Man\u00e1, adem\u00e1s del puertorrique\u00f1o Chayanne actuar\u00e1n en el Festival Internacional de la Canci\u00f3n de Vi\u00f1a del Mar 2008, anunci\u00f3 el concejal de la Alcald\u00eda de ese balneario chileno, Andr\u00e9s Celis. La autoridad municipal dijo este lunes en declaraciones a radio Cooperativa que los productores del certamen musical firmaron [&hellip;]\" \/>\n<meta property=\"og:url\" content=\"https:\/\/www.chayfans.org\/blog\/2007\/07\/31\/anuncian-a-mana-julieta-venegas-y-chayanne-para-vina-del-mar-2008\/\" \/>\n<meta property=\"og:site_name\" content=\"Chayanne News - Noticias de Chayanne\" \/>\n<meta property=\"article:publisher\" content=\"https:\/\/www.facebook.com\/chayfans\" \/>\n<meta property=\"article:author\" content=\"http:\/\/www.facebook.com\/chayfans\" \/>\n<meta property=\"article:published_time\" content=\"2007-08-01T00:54:01+00:00\" \/>\n<meta name=\"author\" content=\"Melanie\" \/>\n<meta name=\"twitter:card\" content=\"summary_large_image\" \/>\n<meta name=\"twitter:creator\" content=\"@https:\/\/twitter.com\/ChayfansOrg\" \/>\n<meta name=\"twitter:site\" content=\"@chayfansorg\" \/>\n<meta name=\"twitter:label1\" content=\"Written by\" \/>\n\t<meta name=\"twitter:data1\" content=\"Melanie\" \/>\n<script type=\"application\/ld+json\" class=\"yoast-schema-graph\">{\"@context\":\"https:\\\/\\\/schema.org\",\"@graph\":[{\"@type\":\"Article\",\"@id\":\"https:\\\/\\\/www.chayfans.org\\\/blog\\\/2007\\\/07\\\/31\\\/anuncian-a-mana-julieta-venegas-y-chayanne-para-vina-del-mar-2008\\\/#article\",\"isPartOf\":{\"@id\":\"https:\\\/\\\/www.chayfans.org\\\/blog\\\/2007\\\/07\\\/31\\\/anuncian-a-mana-julieta-venegas-y-chayanne-para-vina-del-mar-2008\\\/\"},\"author\":{\"name\":\"Melanie\",\"@id\":\"https:\\\/\\\/www.chayfans.org\\\/blog\\\/#\\\/schema\\\/person\\\/e61fe4a7cf201ac20dadf8780252257d\"},\"headline\":\"Anuncian a Man\u00e1, Julieta Venegas y Chayanne para Vi\u00f1a del Mar 2008\",\"datePublished\":\"2007-08-01T00:54:01+00:00\",\"mainEntityOfPage\":{\"@id\":\"https:\\\/\\\/www.chayfans.org\\\/blog\\\/2007\\\/07\\\/31\\\/anuncian-a-mana-julieta-venegas-y-chayanne-para-vina-del-mar-2008\\\/\"},\"wordCount\":93,\"commentCount\":0,\"articleSection\":[\"Mi Tiempo\"],\"inLanguage\":\"en-US\",\"potentialAction\":[{\"@type\":\"CommentAction\",\"name\":\"Comment\",\"target\":[\"https:\\\/\\\/www.chayfans.org\\\/blog\\\/2007\\\/07\\\/31\\\/anuncian-a-mana-julieta-venegas-y-chayanne-para-vina-del-mar-2008\\\/#respond\"]}]},{\"@type\":\"WebPage\",\"@id\":\"https:\\\/\\\/www.chayfans.org\\\/blog\\\/2007\\\/07\\\/31\\\/anuncian-a-mana-julieta-venegas-y-chayanne-para-vina-del-mar-2008\\\/\",\"url\":\"https:\\\/\\\/www.chayfans.org\\\/blog\\\/2007\\\/07\\\/31\\\/anuncian-a-mana-julieta-venegas-y-chayanne-para-vina-del-mar-2008\\\/\",\"name\":\"Anuncian a Man\u00e1, Julieta Venegas y Chayanne para Vi\u00f1a del Mar 2008 - Chayanne News - Noticias de Chayanne\",\"isPartOf\":{\"@id\":\"https:\\\/\\\/www.chayfans.org\\\/blog\\\/#website\"},\"datePublished\":\"2007-08-01T00:54:01+00:00\",\"author\":{\"@id\":\"https:\\\/\\\/www.chayfans.org\\\/blog\\\/#\\\/schema\\\/person\\\/e61fe4a7cf201ac20dadf8780252257d\"},\"inLanguage\":\"en-US\",\"potentialAction\":[{\"@type\":\"ReadAction\",\"target\":[\"https:\\\/\\\/www.chayfans.org\\\/blog\\\/2007\\\/07\\\/31\\\/anuncian-a-mana-julieta-venegas-y-chayanne-para-vina-del-mar-2008\\\/\"]}]},{\"@type\":\"WebSite\",\"@id\":\"https:\\\/\\\/www.chayfans.org\\\/blog\\\/#website\",\"url\":\"https:\\\/\\\/www.chayfans.org\\\/blog\\\/\",\"name\":\"Chayanne News - Noticias de Chayanne\",\"description\":\"The Chayanne Fans Site - www.chayfans.org\",\"potentialAction\":[{\"@type\":\"SearchAction\",\"target\":{\"@type\":\"EntryPoint\",\"urlTemplate\":\"https:\\\/\\\/www.chayfans.org\\\/blog\\\/?s={search_term_string}\"},\"query-input\":{\"@type\":\"PropertyValueSpecification\",\"valueRequired\":true,\"valueName\":\"search_term_string\"}}],\"inLanguage\":\"en-US\"},{\"@type\":\"Person\",\"@id\":\"https:\\\/\\\/www.chayfans.org\\\/blog\\\/#\\\/schema\\\/person\\\/e61fe4a7cf201ac20dadf8780252257d\",\"name\":\"Melanie\",\"image\":{\"@type\":\"ImageObject\",\"inLanguage\":\"en-US\",\"@id\":\"https:\\\/\\\/secure.gravatar.com\\\/avatar\\\/c86cc2e5fbc78e2a2cc2e477ed6d50c4203542769f0f64cdcd206e7e59133d95?s=96&d=mm&r=g\",\"url\":\"https:\\\/\\\/secure.gravatar.com\\\/avatar\\\/c86cc2e5fbc78e2a2cc2e477ed6d50c4203542769f0f64cdcd206e7e59133d95?s=96&d=mm&r=g\",\"contentUrl\":\"https:\\\/\\\/secure.gravatar.com\\\/avatar\\\/c86cc2e5fbc78e2a2cc2e477ed6d50c4203542769f0f64cdcd206e7e59133d95?s=96&d=mm&r=g\",\"caption\":\"Melanie\"},\"description\":\"Melanie ha sido fan de Chayanne desde que escuch\u00f3 por primera vez \\\"Fiesta en Am\u00e9rica\\\" \u200b\u200ben 1988. Comenz\u00f3 el sitio web de Chayfans.org en 1998. Melanie has been a Chayanne fan since she first heard \\\"Fiesta en America\\\" in 1988. She started The Chayanne Fans web site in 1998.\",\"sameAs\":[\"http:\\\/\\\/www.chayfans.org\",\"http:\\\/\\\/www.facebook.com\\\/chayfans\",\"https:\\\/\\\/www.threads.net\\\/@chayfansorg\",\"https:\\\/\\\/x.com\\\/https:\\\/\\\/twitter.com\\\/ChayfansOrg\"],\"url\":\"https:\\\/\\\/www.chayfans.org\\\/blog\\\/author\\\/melanie\\\/\"}]}<\/script>\n<!-- \/ Yoast SEO plugin. -->","yoast_head_json":{"title":"Anuncian a Man\u00e1, Julieta Venegas y Chayanne para Vi\u00f1a del Mar 2008 - Chayanne News - Noticias de Chayanne","robots":{"index":"index","follow":"follow","max-snippet":"max-snippet:-1","max-image-preview":"max-image-preview:large","max-video-preview":"max-video-preview:-1"},"canonical":"https:\/\/www.chayfans.org\/blog\/2007\/07\/31\/anuncian-a-mana-julieta-venegas-y-chayanne-para-vina-del-mar-2008\/","og_locale":"en_US","og_type":"article","og_title":"Anuncian a Man\u00e1, Julieta Venegas y Chayanne para Vi\u00f1a del Mar 2008 - Chayanne News - Noticias de Chayanne","og_description":"Los mexicanos Julieta Venegas y el grupo Man\u00e1, adem\u00e1s del puertorrique\u00f1o Chayanne actuar\u00e1n en el Festival Internacional de la Canci\u00f3n de Vi\u00f1a del Mar 2008, anunci\u00f3 el concejal de la Alcald\u00eda de ese balneario chileno, Andr\u00e9s Celis. La autoridad municipal dijo este lunes en declaraciones a radio Cooperativa que los productores del certamen musical firmaron [&hellip;]","og_url":"https:\/\/www.chayfans.org\/blog\/2007\/07\/31\/anuncian-a-mana-julieta-venegas-y-chayanne-para-vina-del-mar-2008\/","og_site_name":"Chayanne News - Noticias de Chayanne","article_publisher":"https:\/\/www.facebook.com\/chayfans","article_author":"http:\/\/www.facebook.com\/chayfans","article_published_time":"2007-08-01T00:54:01+00:00","author":"Melanie","twitter_card":"summary_large_image","twitter_creator":"@https:\/\/twitter.com\/ChayfansOrg","twitter_site":"@chayfansorg","twitter_misc":{"Written by":"Melanie"},"schema":{"@context":"https:\/\/schema.org","@graph":[{"@type":"Article","@id":"https:\/\/www.chayfans.org\/blog\/2007\/07\/31\/anuncian-a-mana-julieta-venegas-y-chayanne-para-vina-del-mar-2008\/#article","isPartOf":{"@id":"https:\/\/www.chayfans.org\/blog\/2007\/07\/31\/anuncian-a-mana-julieta-venegas-y-chayanne-para-vina-del-mar-2008\/"},"author":{"name":"Melanie","@id":"https:\/\/www.chayfans.org\/blog\/#\/schema\/person\/e61fe4a7cf201ac20dadf8780252257d"},"headline":"Anuncian a Man\u00e1, Julieta Venegas y Chayanne para Vi\u00f1a del Mar 2008","datePublished":"2007-08-01T00:54:01+00:00","mainEntityOfPage":{"@id":"https:\/\/www.chayfans.org\/blog\/2007\/07\/31\/anuncian-a-mana-julieta-venegas-y-chayanne-para-vina-del-mar-2008\/"},"wordCount":93,"commentCount":0,"articleSection":["Mi Tiempo"],"inLanguage":"en-US","potentialAction":[{"@type":"CommentAction","name":"Comment","target":["https:\/\/www.chayfans.org\/blog\/2007\/07\/31\/anuncian-a-mana-julieta-venegas-y-chayanne-para-vina-del-mar-2008\/#respond"]}]},{"@type":"WebPage","@id":"https:\/\/www.chayfans.org\/blog\/2007\/07\/31\/anuncian-a-mana-julieta-venegas-y-chayanne-para-vina-del-mar-2008\/","url":"https:\/\/www.chayfans.org\/blog\/2007\/07\/31\/anuncian-a-mana-julieta-venegas-y-chayanne-para-vina-del-mar-2008\/","name":"Anuncian a Man\u00e1, Julieta Venegas y Chayanne para Vi\u00f1a del Mar 2008 - Chayanne News - Noticias de Chayanne","isPartOf":{"@id":"https:\/\/www.chayfans.org\/blog\/#website"},"datePublished":"2007-08-01T00:54:01+00:00","author":{"@id":"https:\/\/www.chayfans.org\/blog\/#\/schema\/person\/e61fe4a7cf201ac20dadf8780252257d"},"inLanguage":"en-US","potentialAction":[{"@type":"ReadAction","target":["https:\/\/www.chayfans.org\/blog\/2007\/07\/31\/anuncian-a-mana-julieta-venegas-y-chayanne-para-vina-del-mar-2008\/"]}]},{"@type":"WebSite","@id":"https:\/\/www.chayfans.org\/blog\/#website","url":"https:\/\/www.chayfans.org\/blog\/","name":"Chayanne News - Noticias de Chayanne","description":"The Chayanne Fans Site - www.chayfans.org","potentialAction":[{"@type":"SearchAction","target":{"@type":"EntryPoint","urlTemplate":"https:\/\/www.chayfans.org\/blog\/?s={search_term_string}"},"query-input":{"@type":"PropertyValueSpecification","valueRequired":true,"valueName":"search_term_string"}}],"inLanguage":"en-US"},{"@type":"Person","@id":"https:\/\/www.chayfans.org\/blog\/#\/schema\/person\/e61fe4a7cf201ac20dadf8780252257d","name":"Melanie","image":{"@type":"ImageObject","inLanguage":"en-US","@id":"https:\/\/secure.gravatar.com\/avatar\/c86cc2e5fbc78e2a2cc2e477ed6d50c4203542769f0f64cdcd206e7e59133d95?s=96&d=mm&r=g","url":"https:\/\/secure.gravatar.com\/avatar\/c86cc2e5fbc78e2a2cc2e477ed6d50c4203542769f0f64cdcd206e7e59133d95?s=96&d=mm&r=g","contentUrl":"https:\/\/secure.gravatar.com\/avatar\/c86cc2e5fbc78e2a2cc2e477ed6d50c4203542769f0f64cdcd206e7e59133d95?s=96&d=mm&r=g","caption":"Melanie"},"description":"Melanie ha sido fan de Chayanne desde que escuch\u00f3 por primera vez \"Fiesta en Am\u00e9rica\" \u200b\u200ben 1988. Comenz\u00f3 el sitio web de Chayfans.org en 1998. Melanie has been a Chayanne fan since she first heard \"Fiesta en America\" in 1988. She started The Chayanne Fans web site in 1998.","sameAs":["http:\/\/www.chayfans.org","http:\/\/www.facebook.com\/chayfans","https:\/\/www.threads.net\/@chayfansorg","https:\/\/x.com\/https:\/\/twitter.com\/ChayfansOrg"],"url":"https:\/\/www.chayfans.org\/blog\/author\/melanie\/"}]}},"_links":{"self":[{"href":"https:\/\/www.chayfans.org\/blog\/wp-json\/wp\/v2\/posts\/180","targetHints":{"allow":["GET"]}}],"collection":[{"href":"https:\/\/www.chayfans.org\/blog\/wp-json\/wp\/v2\/posts"}],"about":[{"href":"https:\/\/www.chayfans.org\/blog\/wp-json\/wp\/v2\/types\/post"}],"author":[{"embeddable":true,"href":"https:\/\/www.chayfans.org\/blog\/wp-json\/wp\/v2\/users\/2"}],"replies":[{"embeddable":true,"href":"https:\/\/www.chayfans.org\/blog\/wp-json\/wp\/v2\/comments?post=180"}],"version-history":[{"count":0,"href":"https:\/\/www.chayfans.org\/blog\/wp-json\/wp\/v2\/posts\/180\/revisions"}],"wp:attachment":[{"href":"https:\/\/www.chayfans.org\/blog\/wp-json\/wp\/v2\/media?parent=180"}],"wp:term":[{"taxonomy":"category","embeddable":true,"href":"https:\/\/www.chayfans.org\/blog\/wp-json\/wp\/v2\/categories?post=180"},{"taxonomy":"post_tag","embeddable":true,"href":"https:\/\/www.chayfans.org\/blog\/wp-json\/wp\/v2\/tags?post=180"}],"curies":[{"name":"wp","href":"https:\/\/api.w.org\/{rel}","templated":true}]}}