{"id":178,"date":"2007-07-28T10:31:32","date_gmt":"2007-07-28T15:31:32","guid":{"rendered":"http:\/\/www.chayfans.org\/blog\/2007\/07\/28\/chayanne-cantara-en-el-recinto-hipico-de-caceres-el-30-de-agosto\/"},"modified":"2007-07-28T10:31:32","modified_gmt":"2007-07-28T15:31:32","slug":"chayanne-cantara-en-el-recinto-hipico-de-caceres-el-30-de-agosto","status":"publish","type":"post","link":"https:\/\/www.chayfans.org\/blog\/2007\/07\/28\/chayanne-cantara-en-el-recinto-hipico-de-caceres-el-30-de-agosto\/","title":{"rendered":"Chayanne cantar\u00e1 en el recinto h\u00edpico de C\u00e1ceres el 30 de agosto"},"content":{"rendered":"<p>El recinto h\u00edpico de C\u00e1ceres acoger\u00e1 el d\u00eda 30 de agosto un concierto de Chayanne, seg\u00fan recoge la p\u00e1gina web oficial del cantante de Puerto Rico, en la que se menciona a Caja Duero.<\/p>\n<p>El concierto est\u00e1 incluido en la gira Spain Tour 2007, que incluye hasta el momento siete actuaciones en Espa\u00f1a. Entre ellas, Madrid (en el Palacio de los Deportes), Barcelona (en el Pabell\u00f3n Ol\u00edmpico), en la Plaza Mayor de Valladolid, Blanca (en Murcia) y Ronda (M\u00e1laga). Chayanne actu\u00f3 ayer en Quito, la capital de Ecuador, donde present\u00f3 &#8216;Mi tiempo&#8217;, su \u00faltimo disco, que tambi\u00e9n ser\u00e1 la base de su concierto del 30 de agosto en C\u00e1ceres.\u00a0<\/p>\n<p><a target=\"_blank\" href=\"http:\/\/www.hoy.es\/prensa\/20070728\/caceres\/chayanne-cantara-recinto-hipico_20070728.html\">More\/M\u00e1s<\/a><\/p>\n","protected":false},"excerpt":{"rendered":"<p>El recinto h\u00edpico de C\u00e1ceres acoger\u00e1 el d\u00eda 30 de agosto un concierto de Chayanne, seg\u00fan recoge la p\u00e1gina web oficial del cantante de Puerto Rico, en la que se menciona a Caja Duero. El concierto est\u00e1 incluido en la gira Spain Tour 2007, que incluye hasta el momento siete actuaciones en Espa\u00f1a. Entre ellas, [&hellip;]<\/p>\n","protected":false},"author":2,"featured_media":0,"comment_status":"open","ping_status":"open","sticky":false,"template":"","format":"standard","meta":{"footnotes":""},"categories":[3],"tags":[],"class_list":["post-178","post","type-post","status-publish","format-standard","hentry","category-mi-tiempo"],"yoast_head":"<!-- This site is optimized with the Yoast SEO plugin v27.4 - https:\/\/yoast.com\/product\/yoast-seo-wordpress\/ -->\n<title>Chayanne cantar\u00e1 en el recinto h\u00edpico de C\u00e1ceres el 30 de agosto - Chayanne News - Noticias de Chayanne<\/title>\n<meta name=\"robots\" content=\"index, follow, max-snippet:-1, max-image-preview:large, max-video-preview:-1\" \/>\n<link rel=\"canonical\" href=\"https:\/\/www.chayfans.org\/blog\/2007\/07\/28\/chayanne-cantara-en-el-recinto-hipico-de-caceres-el-30-de-agosto\/\" \/>\n<meta property=\"og:locale\" content=\"en_US\" \/>\n<meta property=\"og:type\" content=\"article\" \/>\n<meta property=\"og:title\" content=\"Chayanne cantar\u00e1 en el recinto h\u00edpico de C\u00e1ceres el 30 de agosto - Chayanne News - Noticias de Chayanne\" \/>\n<meta property=\"og:description\" content=\"El recinto h\u00edpico de C\u00e1ceres acoger\u00e1 el d\u00eda 30 de agosto un concierto de Chayanne, seg\u00fan recoge la p\u00e1gina web oficial del cantante de Puerto Rico, en la que se menciona a Caja Duero. El concierto est\u00e1 incluido en la gira Spain Tour 2007, que incluye hasta el momento siete actuaciones en Espa\u00f1a. Entre ellas, [&hellip;]\" \/>\n<meta property=\"og:url\" content=\"https:\/\/www.chayfans.org\/blog\/2007\/07\/28\/chayanne-cantara-en-el-recinto-hipico-de-caceres-el-30-de-agosto\/\" \/>\n<meta property=\"og:site_name\" content=\"Chayanne News - Noticias de Chayanne\" \/>\n<meta property=\"article:publisher\" content=\"https:\/\/www.facebook.com\/chayfans\" \/>\n<meta property=\"article:author\" content=\"http:\/\/www.facebook.com\/chayfans\" \/>\n<meta property=\"article:published_time\" content=\"2007-07-28T15:31:32+00:00\" \/>\n<meta name=\"author\" content=\"Melanie\" \/>\n<meta name=\"twitter:card\" content=\"summary_large_image\" \/>\n<meta name=\"twitter:creator\" content=\"@https:\/\/twitter.com\/ChayfansOrg\" \/>\n<meta name=\"twitter:site\" content=\"@chayfansorg\" \/>\n<meta name=\"twitter:label1\" content=\"Written by\" \/>\n\t<meta name=\"twitter:data1\" content=\"Melanie\" \/>\n\t<meta name=\"twitter:label2\" content=\"Est. reading time\" \/>\n\t<meta name=\"twitter:data2\" content=\"1 minute\" \/>\n<script type=\"application\/ld+json\" class=\"yoast-schema-graph\">{\"@context\":\"https:\\\/\\\/schema.org\",\"@graph\":[{\"@type\":\"Article\",\"@id\":\"https:\\\/\\\/www.chayfans.org\\\/blog\\\/2007\\\/07\\\/28\\\/chayanne-cantara-en-el-recinto-hipico-de-caceres-el-30-de-agosto\\\/#article\",\"isPartOf\":{\"@id\":\"https:\\\/\\\/www.chayfans.org\\\/blog\\\/2007\\\/07\\\/28\\\/chayanne-cantara-en-el-recinto-hipico-de-caceres-el-30-de-agosto\\\/\"},\"author\":{\"name\":\"Melanie\",\"@id\":\"https:\\\/\\\/www.chayfans.org\\\/blog\\\/#\\\/schema\\\/person\\\/e61fe4a7cf201ac20dadf8780252257d\"},\"headline\":\"Chayanne cantar\u00e1 en el recinto h\u00edpico de C\u00e1ceres el 30 de agosto\",\"datePublished\":\"2007-07-28T15:31:32+00:00\",\"mainEntityOfPage\":{\"@id\":\"https:\\\/\\\/www.chayfans.org\\\/blog\\\/2007\\\/07\\\/28\\\/chayanne-cantara-en-el-recinto-hipico-de-caceres-el-30-de-agosto\\\/\"},\"wordCount\":133,\"commentCount\":1,\"articleSection\":[\"Mi Tiempo\"],\"inLanguage\":\"en-US\",\"potentialAction\":[{\"@type\":\"CommentAction\",\"name\":\"Comment\",\"target\":[\"https:\\\/\\\/www.chayfans.org\\\/blog\\\/2007\\\/07\\\/28\\\/chayanne-cantara-en-el-recinto-hipico-de-caceres-el-30-de-agosto\\\/#respond\"]}]},{\"@type\":\"WebPage\",\"@id\":\"https:\\\/\\\/www.chayfans.org\\\/blog\\\/2007\\\/07\\\/28\\\/chayanne-cantara-en-el-recinto-hipico-de-caceres-el-30-de-agosto\\\/\",\"url\":\"https:\\\/\\\/www.chayfans.org\\\/blog\\\/2007\\\/07\\\/28\\\/chayanne-cantara-en-el-recinto-hipico-de-caceres-el-30-de-agosto\\\/\",\"name\":\"Chayanne cantar\u00e1 en el recinto h\u00edpico de C\u00e1ceres el 30 de agosto - Chayanne News - Noticias de Chayanne\",\"isPartOf\":{\"@id\":\"https:\\\/\\\/www.chayfans.org\\\/blog\\\/#website\"},\"datePublished\":\"2007-07-28T15:31:32+00:00\",\"author\":{\"@id\":\"https:\\\/\\\/www.chayfans.org\\\/blog\\\/#\\\/schema\\\/person\\\/e61fe4a7cf201ac20dadf8780252257d\"},\"inLanguage\":\"en-US\",\"potentialAction\":[{\"@type\":\"ReadAction\",\"target\":[\"https:\\\/\\\/www.chayfans.org\\\/blog\\\/2007\\\/07\\\/28\\\/chayanne-cantara-en-el-recinto-hipico-de-caceres-el-30-de-agosto\\\/\"]}]},{\"@type\":\"WebSite\",\"@id\":\"https:\\\/\\\/www.chayfans.org\\\/blog\\\/#website\",\"url\":\"https:\\\/\\\/www.chayfans.org\\\/blog\\\/\",\"name\":\"Chayanne News - Noticias de Chayanne\",\"description\":\"The Chayanne Fans Site - www.chayfans.org\",\"potentialAction\":[{\"@type\":\"SearchAction\",\"target\":{\"@type\":\"EntryPoint\",\"urlTemplate\":\"https:\\\/\\\/www.chayfans.org\\\/blog\\\/?s={search_term_string}\"},\"query-input\":{\"@type\":\"PropertyValueSpecification\",\"valueRequired\":true,\"valueName\":\"search_term_string\"}}],\"inLanguage\":\"en-US\"},{\"@type\":\"Person\",\"@id\":\"https:\\\/\\\/www.chayfans.org\\\/blog\\\/#\\\/schema\\\/person\\\/e61fe4a7cf201ac20dadf8780252257d\",\"name\":\"Melanie\",\"image\":{\"@type\":\"ImageObject\",\"inLanguage\":\"en-US\",\"@id\":\"https:\\\/\\\/secure.gravatar.com\\\/avatar\\\/c86cc2e5fbc78e2a2cc2e477ed6d50c4203542769f0f64cdcd206e7e59133d95?s=96&d=mm&r=g\",\"url\":\"https:\\\/\\\/secure.gravatar.com\\\/avatar\\\/c86cc2e5fbc78e2a2cc2e477ed6d50c4203542769f0f64cdcd206e7e59133d95?s=96&d=mm&r=g\",\"contentUrl\":\"https:\\\/\\\/secure.gravatar.com\\\/avatar\\\/c86cc2e5fbc78e2a2cc2e477ed6d50c4203542769f0f64cdcd206e7e59133d95?s=96&d=mm&r=g\",\"caption\":\"Melanie\"},\"description\":\"Melanie ha sido fan de Chayanne desde que escuch\u00f3 por primera vez \\\"Fiesta en Am\u00e9rica\\\" \u200b\u200ben 1988. Comenz\u00f3 el sitio web de Chayfans.org en 1998. Melanie has been a Chayanne fan since she first heard \\\"Fiesta en America\\\" in 1988. She started The Chayanne Fans web site in 1998.\",\"sameAs\":[\"http:\\\/\\\/www.chayfans.org\",\"http:\\\/\\\/www.facebook.com\\\/chayfans\",\"https:\\\/\\\/www.threads.net\\\/@chayfansorg\",\"https:\\\/\\\/x.com\\\/https:\\\/\\\/twitter.com\\\/ChayfansOrg\"],\"url\":\"https:\\\/\\\/www.chayfans.org\\\/blog\\\/author\\\/melanie\\\/\"}]}<\/script>\n<!-- \/ Yoast SEO plugin. -->","yoast_head_json":{"title":"Chayanne cantar\u00e1 en el recinto h\u00edpico de C\u00e1ceres el 30 de agosto - Chayanne News - Noticias de Chayanne","robots":{"index":"index","follow":"follow","max-snippet":"max-snippet:-1","max-image-preview":"max-image-preview:large","max-video-preview":"max-video-preview:-1"},"canonical":"https:\/\/www.chayfans.org\/blog\/2007\/07\/28\/chayanne-cantara-en-el-recinto-hipico-de-caceres-el-30-de-agosto\/","og_locale":"en_US","og_type":"article","og_title":"Chayanne cantar\u00e1 en el recinto h\u00edpico de C\u00e1ceres el 30 de agosto - Chayanne News - Noticias de Chayanne","og_description":"El recinto h\u00edpico de C\u00e1ceres acoger\u00e1 el d\u00eda 30 de agosto un concierto de Chayanne, seg\u00fan recoge la p\u00e1gina web oficial del cantante de Puerto Rico, en la que se menciona a Caja Duero. El concierto est\u00e1 incluido en la gira Spain Tour 2007, que incluye hasta el momento siete actuaciones en Espa\u00f1a. Entre ellas, [&hellip;]","og_url":"https:\/\/www.chayfans.org\/blog\/2007\/07\/28\/chayanne-cantara-en-el-recinto-hipico-de-caceres-el-30-de-agosto\/","og_site_name":"Chayanne News - Noticias de Chayanne","article_publisher":"https:\/\/www.facebook.com\/chayfans","article_author":"http:\/\/www.facebook.com\/chayfans","article_published_time":"2007-07-28T15:31:32+00:00","author":"Melanie","twitter_card":"summary_large_image","twitter_creator":"@https:\/\/twitter.com\/ChayfansOrg","twitter_site":"@chayfansorg","twitter_misc":{"Written by":"Melanie","Est. reading time":"1 minute"},"schema":{"@context":"https:\/\/schema.org","@graph":[{"@type":"Article","@id":"https:\/\/www.chayfans.org\/blog\/2007\/07\/28\/chayanne-cantara-en-el-recinto-hipico-de-caceres-el-30-de-agosto\/#article","isPartOf":{"@id":"https:\/\/www.chayfans.org\/blog\/2007\/07\/28\/chayanne-cantara-en-el-recinto-hipico-de-caceres-el-30-de-agosto\/"},"author":{"name":"Melanie","@id":"https:\/\/www.chayfans.org\/blog\/#\/schema\/person\/e61fe4a7cf201ac20dadf8780252257d"},"headline":"Chayanne cantar\u00e1 en el recinto h\u00edpico de C\u00e1ceres el 30 de agosto","datePublished":"2007-07-28T15:31:32+00:00","mainEntityOfPage":{"@id":"https:\/\/www.chayfans.org\/blog\/2007\/07\/28\/chayanne-cantara-en-el-recinto-hipico-de-caceres-el-30-de-agosto\/"},"wordCount":133,"commentCount":1,"articleSection":["Mi Tiempo"],"inLanguage":"en-US","potentialAction":[{"@type":"CommentAction","name":"Comment","target":["https:\/\/www.chayfans.org\/blog\/2007\/07\/28\/chayanne-cantara-en-el-recinto-hipico-de-caceres-el-30-de-agosto\/#respond"]}]},{"@type":"WebPage","@id":"https:\/\/www.chayfans.org\/blog\/2007\/07\/28\/chayanne-cantara-en-el-recinto-hipico-de-caceres-el-30-de-agosto\/","url":"https:\/\/www.chayfans.org\/blog\/2007\/07\/28\/chayanne-cantara-en-el-recinto-hipico-de-caceres-el-30-de-agosto\/","name":"Chayanne cantar\u00e1 en el recinto h\u00edpico de C\u00e1ceres el 30 de agosto - Chayanne News - Noticias de Chayanne","isPartOf":{"@id":"https:\/\/www.chayfans.org\/blog\/#website"},"datePublished":"2007-07-28T15:31:32+00:00","author":{"@id":"https:\/\/www.chayfans.org\/blog\/#\/schema\/person\/e61fe4a7cf201ac20dadf8780252257d"},"inLanguage":"en-US","potentialAction":[{"@type":"ReadAction","target":["https:\/\/www.chayfans.org\/blog\/2007\/07\/28\/chayanne-cantara-en-el-recinto-hipico-de-caceres-el-30-de-agosto\/"]}]},{"@type":"WebSite","@id":"https:\/\/www.chayfans.org\/blog\/#website","url":"https:\/\/www.chayfans.org\/blog\/","name":"Chayanne News - Noticias de Chayanne","description":"The Chayanne Fans Site - www.chayfans.org","potentialAction":[{"@type":"SearchAction","target":{"@type":"EntryPoint","urlTemplate":"https:\/\/www.chayfans.org\/blog\/?s={search_term_string}"},"query-input":{"@type":"PropertyValueSpecification","valueRequired":true,"valueName":"search_term_string"}}],"inLanguage":"en-US"},{"@type":"Person","@id":"https:\/\/www.chayfans.org\/blog\/#\/schema\/person\/e61fe4a7cf201ac20dadf8780252257d","name":"Melanie","image":{"@type":"ImageObject","inLanguage":"en-US","@id":"https:\/\/secure.gravatar.com\/avatar\/c86cc2e5fbc78e2a2cc2e477ed6d50c4203542769f0f64cdcd206e7e59133d95?s=96&d=mm&r=g","url":"https:\/\/secure.gravatar.com\/avatar\/c86cc2e5fbc78e2a2cc2e477ed6d50c4203542769f0f64cdcd206e7e59133d95?s=96&d=mm&r=g","contentUrl":"https:\/\/secure.gravatar.com\/avatar\/c86cc2e5fbc78e2a2cc2e477ed6d50c4203542769f0f64cdcd206e7e59133d95?s=96&d=mm&r=g","caption":"Melanie"},"description":"Melanie ha sido fan de Chayanne desde que escuch\u00f3 por primera vez \"Fiesta en Am\u00e9rica\" \u200b\u200ben 1988. Comenz\u00f3 el sitio web de Chayfans.org en 1998. Melanie has been a Chayanne fan since she first heard \"Fiesta en America\" in 1988. She started The Chayanne Fans web site in 1998.","sameAs":["http:\/\/www.chayfans.org","http:\/\/www.facebook.com\/chayfans","https:\/\/www.threads.net\/@chayfansorg","https:\/\/x.com\/https:\/\/twitter.com\/ChayfansOrg"],"url":"https:\/\/www.chayfans.org\/blog\/author\/melanie\/"}]}},"_links":{"self":[{"href":"https:\/\/www.chayfans.org\/blog\/wp-json\/wp\/v2\/posts\/178","targetHints":{"allow":["GET"]}}],"collection":[{"href":"https:\/\/www.chayfans.org\/blog\/wp-json\/wp\/v2\/posts"}],"about":[{"href":"https:\/\/www.chayfans.org\/blog\/wp-json\/wp\/v2\/types\/post"}],"author":[{"embeddable":true,"href":"https:\/\/www.chayfans.org\/blog\/wp-json\/wp\/v2\/users\/2"}],"replies":[{"embeddable":true,"href":"https:\/\/www.chayfans.org\/blog\/wp-json\/wp\/v2\/comments?post=178"}],"version-history":[{"count":0,"href":"https:\/\/www.chayfans.org\/blog\/wp-json\/wp\/v2\/posts\/178\/revisions"}],"wp:attachment":[{"href":"https:\/\/www.chayfans.org\/blog\/wp-json\/wp\/v2\/media?parent=178"}],"wp:term":[{"taxonomy":"category","embeddable":true,"href":"https:\/\/www.chayfans.org\/blog\/wp-json\/wp\/v2\/categories?post=178"},{"taxonomy":"post_tag","embeddable":true,"href":"https:\/\/www.chayfans.org\/blog\/wp-json\/wp\/v2\/tags?post=178"}],"curies":[{"name":"wp","href":"https:\/\/api.w.org\/{rel}","templated":true}]}}