{"id":174,"date":"2007-07-25T22:48:55","date_gmt":"2007-07-26T03:48:55","guid":{"rendered":"http:\/\/www.chayfans.org\/blog\/2007\/07\/25\/inicia-chayanne-con-exito-gira-por-ecuador\/"},"modified":"2012-07-29T22:18:21","modified_gmt":"2012-07-30T02:18:21","slug":"inicia-chayanne-con-exito-gira-por-ecuador","status":"publish","type":"post","link":"https:\/\/www.chayfans.org\/blog\/2007\/07\/25\/inicia-chayanne-con-exito-gira-por-ecuador\/","title":{"rendered":"Inicia Chayanne con \u00e9xito gira por Ecuador"},"content":{"rendered":"<p><strong>Quito.- <\/strong>Unas 10 mil personas vibraron con la actuaci\u00f3n del cantante puertorrique\u00f1o Chayanne la noche del martes en el puerto de Guayaquil, con la que inici\u00f3 su serie de tres presentaciones en Ecuador, reportaron hoy medios electr\u00f3nicos.<\/p>\n<p>Los miles de espectadores vibraron junto al cantante boricua durante m\u00e1s de dos horas y no dejaron de corear sus m\u00e1s grandes \u00e9xitos como &#8220;Y si nos quedara poco tiempo&#8221; y &#8220;Lo dejar\u00eda todo&#8221;, las cuales provocaron m\u00e1s de una l\u00e1grima entre sus fan\u00e1ticas.<\/p>\n<p>Chayanne, quien realiza su gira mundial &#8220;Mi Tiempo 2007&#8221;, agradeci\u00f3 a todos sus seguidores ecuatorianos por el apoyo que le brindaron durante su presentaci\u00f3n en el estadio Modelo de Guayaquil.<\/p>\n","protected":false},"excerpt":{"rendered":"<p>Quito.- Unas 10 mil personas vibraron con la actuaci\u00f3n del cantante puertorrique\u00f1o Chayanne la noche del martes en el puerto de Guayaquil, con la que inici\u00f3 su serie de tres presentaciones en Ecuador, reportaron hoy medios electr\u00f3nicos. Los miles de espectadores vibraron junto al cantante boricua durante m\u00e1s de dos horas y no dejaron de [&hellip;]<\/p>\n","protected":false},"author":2,"featured_media":0,"comment_status":"open","ping_status":"open","sticky":false,"template":"","format":"standard","meta":{"footnotes":""},"categories":[3],"tags":[],"class_list":["post-174","post","type-post","status-publish","format-standard","hentry","category-mi-tiempo"],"yoast_head":"<!-- This site is optimized with the Yoast SEO plugin v27.4 - https:\/\/yoast.com\/product\/yoast-seo-wordpress\/ -->\n<title>Inicia Chayanne con \u00e9xito gira por Ecuador - Chayanne News - Noticias de Chayanne<\/title>\n<meta name=\"robots\" content=\"index, follow, max-snippet:-1, max-image-preview:large, max-video-preview:-1\" \/>\n<link rel=\"canonical\" href=\"https:\/\/www.chayfans.org\/blog\/2007\/07\/25\/inicia-chayanne-con-exito-gira-por-ecuador\/\" \/>\n<meta property=\"og:locale\" content=\"en_US\" \/>\n<meta property=\"og:type\" content=\"article\" \/>\n<meta property=\"og:title\" content=\"Inicia Chayanne con \u00e9xito gira por Ecuador - Chayanne News - Noticias de Chayanne\" \/>\n<meta property=\"og:description\" content=\"Quito.- Unas 10 mil personas vibraron con la actuaci\u00f3n del cantante puertorrique\u00f1o Chayanne la noche del martes en el puerto de Guayaquil, con la que inici\u00f3 su serie de tres presentaciones en Ecuador, reportaron hoy medios electr\u00f3nicos. Los miles de espectadores vibraron junto al cantante boricua durante m\u00e1s de dos horas y no dejaron de [&hellip;]\" \/>\n<meta property=\"og:url\" content=\"https:\/\/www.chayfans.org\/blog\/2007\/07\/25\/inicia-chayanne-con-exito-gira-por-ecuador\/\" \/>\n<meta property=\"og:site_name\" content=\"Chayanne News - Noticias de Chayanne\" \/>\n<meta property=\"article:publisher\" content=\"https:\/\/www.facebook.com\/chayfans\" \/>\n<meta property=\"article:author\" content=\"http:\/\/www.facebook.com\/chayfans\" \/>\n<meta property=\"article:published_time\" content=\"2007-07-26T03:48:55+00:00\" \/>\n<meta property=\"article:modified_time\" content=\"2012-07-30T02:18:21+00:00\" \/>\n<meta name=\"author\" content=\"Melanie\" \/>\n<meta name=\"twitter:card\" content=\"summary_large_image\" \/>\n<meta name=\"twitter:creator\" content=\"@https:\/\/twitter.com\/ChayfansOrg\" \/>\n<meta name=\"twitter:site\" content=\"@chayfansorg\" \/>\n<meta name=\"twitter:label1\" content=\"Written by\" \/>\n\t<meta name=\"twitter:data1\" content=\"Melanie\" \/>\n\t<meta name=\"twitter:label2\" content=\"Est. reading time\" \/>\n\t<meta name=\"twitter:data2\" content=\"1 minute\" \/>\n<script type=\"application\/ld+json\" class=\"yoast-schema-graph\">{\"@context\":\"https:\\\/\\\/schema.org\",\"@graph\":[{\"@type\":\"Article\",\"@id\":\"https:\\\/\\\/www.chayfans.org\\\/blog\\\/2007\\\/07\\\/25\\\/inicia-chayanne-con-exito-gira-por-ecuador\\\/#article\",\"isPartOf\":{\"@id\":\"https:\\\/\\\/www.chayfans.org\\\/blog\\\/2007\\\/07\\\/25\\\/inicia-chayanne-con-exito-gira-por-ecuador\\\/\"},\"author\":{\"name\":\"Melanie\",\"@id\":\"https:\\\/\\\/www.chayfans.org\\\/blog\\\/#\\\/schema\\\/person\\\/e61fe4a7cf201ac20dadf8780252257d\"},\"headline\":\"Inicia Chayanne con \u00e9xito gira por Ecuador\",\"datePublished\":\"2007-07-26T03:48:55+00:00\",\"dateModified\":\"2012-07-30T02:18:21+00:00\",\"mainEntityOfPage\":{\"@id\":\"https:\\\/\\\/www.chayfans.org\\\/blog\\\/2007\\\/07\\\/25\\\/inicia-chayanne-con-exito-gira-por-ecuador\\\/\"},\"wordCount\":127,\"commentCount\":0,\"articleSection\":[\"Mi Tiempo\"],\"inLanguage\":\"en-US\",\"potentialAction\":[{\"@type\":\"CommentAction\",\"name\":\"Comment\",\"target\":[\"https:\\\/\\\/www.chayfans.org\\\/blog\\\/2007\\\/07\\\/25\\\/inicia-chayanne-con-exito-gira-por-ecuador\\\/#respond\"]}]},{\"@type\":\"WebPage\",\"@id\":\"https:\\\/\\\/www.chayfans.org\\\/blog\\\/2007\\\/07\\\/25\\\/inicia-chayanne-con-exito-gira-por-ecuador\\\/\",\"url\":\"https:\\\/\\\/www.chayfans.org\\\/blog\\\/2007\\\/07\\\/25\\\/inicia-chayanne-con-exito-gira-por-ecuador\\\/\",\"name\":\"Inicia Chayanne con \u00e9xito gira por Ecuador - Chayanne News - Noticias de Chayanne\",\"isPartOf\":{\"@id\":\"https:\\\/\\\/www.chayfans.org\\\/blog\\\/#website\"},\"datePublished\":\"2007-07-26T03:48:55+00:00\",\"dateModified\":\"2012-07-30T02:18:21+00:00\",\"author\":{\"@id\":\"https:\\\/\\\/www.chayfans.org\\\/blog\\\/#\\\/schema\\\/person\\\/e61fe4a7cf201ac20dadf8780252257d\"},\"inLanguage\":\"en-US\",\"potentialAction\":[{\"@type\":\"ReadAction\",\"target\":[\"https:\\\/\\\/www.chayfans.org\\\/blog\\\/2007\\\/07\\\/25\\\/inicia-chayanne-con-exito-gira-por-ecuador\\\/\"]}]},{\"@type\":\"WebSite\",\"@id\":\"https:\\\/\\\/www.chayfans.org\\\/blog\\\/#website\",\"url\":\"https:\\\/\\\/www.chayfans.org\\\/blog\\\/\",\"name\":\"Chayanne News - Noticias de Chayanne\",\"description\":\"The Chayanne Fans Site - www.chayfans.org\",\"potentialAction\":[{\"@type\":\"SearchAction\",\"target\":{\"@type\":\"EntryPoint\",\"urlTemplate\":\"https:\\\/\\\/www.chayfans.org\\\/blog\\\/?s={search_term_string}\"},\"query-input\":{\"@type\":\"PropertyValueSpecification\",\"valueRequired\":true,\"valueName\":\"search_term_string\"}}],\"inLanguage\":\"en-US\"},{\"@type\":\"Person\",\"@id\":\"https:\\\/\\\/www.chayfans.org\\\/blog\\\/#\\\/schema\\\/person\\\/e61fe4a7cf201ac20dadf8780252257d\",\"name\":\"Melanie\",\"image\":{\"@type\":\"ImageObject\",\"inLanguage\":\"en-US\",\"@id\":\"https:\\\/\\\/secure.gravatar.com\\\/avatar\\\/c86cc2e5fbc78e2a2cc2e477ed6d50c4203542769f0f64cdcd206e7e59133d95?s=96&d=mm&r=g\",\"url\":\"https:\\\/\\\/secure.gravatar.com\\\/avatar\\\/c86cc2e5fbc78e2a2cc2e477ed6d50c4203542769f0f64cdcd206e7e59133d95?s=96&d=mm&r=g\",\"contentUrl\":\"https:\\\/\\\/secure.gravatar.com\\\/avatar\\\/c86cc2e5fbc78e2a2cc2e477ed6d50c4203542769f0f64cdcd206e7e59133d95?s=96&d=mm&r=g\",\"caption\":\"Melanie\"},\"description\":\"Melanie ha sido fan de Chayanne desde que escuch\u00f3 por primera vez \\\"Fiesta en Am\u00e9rica\\\" \u200b\u200ben 1988. Comenz\u00f3 el sitio web de Chayfans.org en 1998. Melanie has been a Chayanne fan since she first heard \\\"Fiesta en America\\\" in 1988. She started The Chayanne Fans web site in 1998.\",\"sameAs\":[\"http:\\\/\\\/www.chayfans.org\",\"http:\\\/\\\/www.facebook.com\\\/chayfans\",\"https:\\\/\\\/www.threads.net\\\/@chayfansorg\",\"https:\\\/\\\/x.com\\\/https:\\\/\\\/twitter.com\\\/ChayfansOrg\"],\"url\":\"https:\\\/\\\/www.chayfans.org\\\/blog\\\/author\\\/melanie\\\/\"}]}<\/script>\n<!-- \/ Yoast SEO plugin. -->","yoast_head_json":{"title":"Inicia Chayanne con \u00e9xito gira por Ecuador - Chayanne News - Noticias de Chayanne","robots":{"index":"index","follow":"follow","max-snippet":"max-snippet:-1","max-image-preview":"max-image-preview:large","max-video-preview":"max-video-preview:-1"},"canonical":"https:\/\/www.chayfans.org\/blog\/2007\/07\/25\/inicia-chayanne-con-exito-gira-por-ecuador\/","og_locale":"en_US","og_type":"article","og_title":"Inicia Chayanne con \u00e9xito gira por Ecuador - Chayanne News - Noticias de Chayanne","og_description":"Quito.- Unas 10 mil personas vibraron con la actuaci\u00f3n del cantante puertorrique\u00f1o Chayanne la noche del martes en el puerto de Guayaquil, con la que inici\u00f3 su serie de tres presentaciones en Ecuador, reportaron hoy medios electr\u00f3nicos. Los miles de espectadores vibraron junto al cantante boricua durante m\u00e1s de dos horas y no dejaron de [&hellip;]","og_url":"https:\/\/www.chayfans.org\/blog\/2007\/07\/25\/inicia-chayanne-con-exito-gira-por-ecuador\/","og_site_name":"Chayanne News - Noticias de Chayanne","article_publisher":"https:\/\/www.facebook.com\/chayfans","article_author":"http:\/\/www.facebook.com\/chayfans","article_published_time":"2007-07-26T03:48:55+00:00","article_modified_time":"2012-07-30T02:18:21+00:00","author":"Melanie","twitter_card":"summary_large_image","twitter_creator":"@https:\/\/twitter.com\/ChayfansOrg","twitter_site":"@chayfansorg","twitter_misc":{"Written by":"Melanie","Est. reading time":"1 minute"},"schema":{"@context":"https:\/\/schema.org","@graph":[{"@type":"Article","@id":"https:\/\/www.chayfans.org\/blog\/2007\/07\/25\/inicia-chayanne-con-exito-gira-por-ecuador\/#article","isPartOf":{"@id":"https:\/\/www.chayfans.org\/blog\/2007\/07\/25\/inicia-chayanne-con-exito-gira-por-ecuador\/"},"author":{"name":"Melanie","@id":"https:\/\/www.chayfans.org\/blog\/#\/schema\/person\/e61fe4a7cf201ac20dadf8780252257d"},"headline":"Inicia Chayanne con \u00e9xito gira por Ecuador","datePublished":"2007-07-26T03:48:55+00:00","dateModified":"2012-07-30T02:18:21+00:00","mainEntityOfPage":{"@id":"https:\/\/www.chayfans.org\/blog\/2007\/07\/25\/inicia-chayanne-con-exito-gira-por-ecuador\/"},"wordCount":127,"commentCount":0,"articleSection":["Mi Tiempo"],"inLanguage":"en-US","potentialAction":[{"@type":"CommentAction","name":"Comment","target":["https:\/\/www.chayfans.org\/blog\/2007\/07\/25\/inicia-chayanne-con-exito-gira-por-ecuador\/#respond"]}]},{"@type":"WebPage","@id":"https:\/\/www.chayfans.org\/blog\/2007\/07\/25\/inicia-chayanne-con-exito-gira-por-ecuador\/","url":"https:\/\/www.chayfans.org\/blog\/2007\/07\/25\/inicia-chayanne-con-exito-gira-por-ecuador\/","name":"Inicia Chayanne con \u00e9xito gira por Ecuador - Chayanne News - Noticias de Chayanne","isPartOf":{"@id":"https:\/\/www.chayfans.org\/blog\/#website"},"datePublished":"2007-07-26T03:48:55+00:00","dateModified":"2012-07-30T02:18:21+00:00","author":{"@id":"https:\/\/www.chayfans.org\/blog\/#\/schema\/person\/e61fe4a7cf201ac20dadf8780252257d"},"inLanguage":"en-US","potentialAction":[{"@type":"ReadAction","target":["https:\/\/www.chayfans.org\/blog\/2007\/07\/25\/inicia-chayanne-con-exito-gira-por-ecuador\/"]}]},{"@type":"WebSite","@id":"https:\/\/www.chayfans.org\/blog\/#website","url":"https:\/\/www.chayfans.org\/blog\/","name":"Chayanne News - Noticias de Chayanne","description":"The Chayanne Fans Site - www.chayfans.org","potentialAction":[{"@type":"SearchAction","target":{"@type":"EntryPoint","urlTemplate":"https:\/\/www.chayfans.org\/blog\/?s={search_term_string}"},"query-input":{"@type":"PropertyValueSpecification","valueRequired":true,"valueName":"search_term_string"}}],"inLanguage":"en-US"},{"@type":"Person","@id":"https:\/\/www.chayfans.org\/blog\/#\/schema\/person\/e61fe4a7cf201ac20dadf8780252257d","name":"Melanie","image":{"@type":"ImageObject","inLanguage":"en-US","@id":"https:\/\/secure.gravatar.com\/avatar\/c86cc2e5fbc78e2a2cc2e477ed6d50c4203542769f0f64cdcd206e7e59133d95?s=96&d=mm&r=g","url":"https:\/\/secure.gravatar.com\/avatar\/c86cc2e5fbc78e2a2cc2e477ed6d50c4203542769f0f64cdcd206e7e59133d95?s=96&d=mm&r=g","contentUrl":"https:\/\/secure.gravatar.com\/avatar\/c86cc2e5fbc78e2a2cc2e477ed6d50c4203542769f0f64cdcd206e7e59133d95?s=96&d=mm&r=g","caption":"Melanie"},"description":"Melanie ha sido fan de Chayanne desde que escuch\u00f3 por primera vez \"Fiesta en Am\u00e9rica\" \u200b\u200ben 1988. Comenz\u00f3 el sitio web de Chayfans.org en 1998. Melanie has been a Chayanne fan since she first heard \"Fiesta en America\" in 1988. She started The Chayanne Fans web site in 1998.","sameAs":["http:\/\/www.chayfans.org","http:\/\/www.facebook.com\/chayfans","https:\/\/www.threads.net\/@chayfansorg","https:\/\/x.com\/https:\/\/twitter.com\/ChayfansOrg"],"url":"https:\/\/www.chayfans.org\/blog\/author\/melanie\/"}]}},"_links":{"self":[{"href":"https:\/\/www.chayfans.org\/blog\/wp-json\/wp\/v2\/posts\/174","targetHints":{"allow":["GET"]}}],"collection":[{"href":"https:\/\/www.chayfans.org\/blog\/wp-json\/wp\/v2\/posts"}],"about":[{"href":"https:\/\/www.chayfans.org\/blog\/wp-json\/wp\/v2\/types\/post"}],"author":[{"embeddable":true,"href":"https:\/\/www.chayfans.org\/blog\/wp-json\/wp\/v2\/users\/2"}],"replies":[{"embeddable":true,"href":"https:\/\/www.chayfans.org\/blog\/wp-json\/wp\/v2\/comments?post=174"}],"version-history":[{"count":0,"href":"https:\/\/www.chayfans.org\/blog\/wp-json\/wp\/v2\/posts\/174\/revisions"}],"wp:attachment":[{"href":"https:\/\/www.chayfans.org\/blog\/wp-json\/wp\/v2\/media?parent=174"}],"wp:term":[{"taxonomy":"category","embeddable":true,"href":"https:\/\/www.chayfans.org\/blog\/wp-json\/wp\/v2\/categories?post=174"},{"taxonomy":"post_tag","embeddable":true,"href":"https:\/\/www.chayfans.org\/blog\/wp-json\/wp\/v2\/tags?post=174"}],"curies":[{"name":"wp","href":"https:\/\/api.w.org\/{rel}","templated":true}]}}