{"id":17,"date":"2007-04-12T16:40:00","date_gmt":"2007-04-12T21:40:00","guid":{"rendered":"http:\/\/www.chayfans.org\/blog\/2007\/04\/12\/regresa\/"},"modified":"2025-04-12T09:29:19","modified_gmt":"2025-04-12T13:29:19","slug":"regresa","status":"publish","type":"post","link":"https:\/\/www.chayfans.org\/blog\/2007\/04\/12\/regresa\/","title":{"rendered":"Chayanne Regresa con Mi Tiempo &#8211; Chayanne Returns with Mi Tiempo"},"content":{"rendered":"\n<figure class=\"wp-block-image size-full\"><a href=\"https:\/\/amzn.to\/3VRZhEN\"><img loading=\"lazy\" decoding=\"async\" width=\"500\" height=\"497\" src=\"https:\/\/www.chayfans.org\/blog\/wp-content\/uploads\/2024\/04\/chayanne-mi-tiempo-large.jpg\" alt=\"Chayanne Mi Tiempo\" class=\"wp-image-1462\" srcset=\"https:\/\/www.chayfans.org\/blog\/wp-content\/uploads\/2024\/04\/chayanne-mi-tiempo-large.jpg 500w, https:\/\/www.chayfans.org\/blog\/wp-content\/uploads\/2024\/04\/chayanne-mi-tiempo-large-300x298.jpg 300w, https:\/\/www.chayfans.org\/blog\/wp-content\/uploads\/2024\/04\/chayanne-mi-tiempo-large-150x150.jpg 150w, https:\/\/www.chayfans.org\/blog\/wp-content\/uploads\/2024\/04\/chayanne-mi-tiempo-large-302x300.jpg 302w\" sizes=\"auto, (max-width: 500px) 100vw, 500px\" \/><\/a><figcaption class=\"wp-element-caption\">Anuncio de Amazon &#8211; Amazon Ad<\/figcaption><\/figure>\n\n\n\n<p>Mi Tiempo es el \u00e1lbum n\u00famero 20 de Chayanne durante su carrera. Ahora est\u00e1 disponible en todo el mundo, incluido <a href=\"https:\/\/amzn.to\/4cVsdld\">Amazon<\/a> (anuncio de Amazon).<\/p>\n\n\n\n<p>Mi Tiempo tiene 13 canciones que abarcan g\u00e9neros brasile\u00f1os, como la batucada y la samba. Tambi\u00e9n tiene sonidos electr\u00f3nicos. La primera canci\u00f3n del CD es \u201cSi Nos Quedara Poco Tiempo\u201d ya fue lanzado y cuenta una historia de amor.<\/p>\n\n\n\n<p>El CD incluye las siguientes canciones:<\/p>\n\n\n\n<ul class=\"wp-block-list\">\n<li>Si Nos Quedara Poco Tiempo<\/li>\n\n\n\n<li>Lola<\/li>\n\n\n\n<li>Cuesti\u00f3n de Feeling<\/li>\n\n\n\n<li>Tengo Miedo<\/li>\n\n\n\n<li>Indispensable<\/li>\n\n\n\n<li>Bailarina<\/li>\n\n\n\n<li>Te Amar\u00e9<\/li>\n\n\n\n<li>Sin Palabras de Relleno<\/li>\n\n\n\n<li>Me Voy a R\u00edo<\/li>\n\n\n\n<li>Loco por Vos<\/li>\n\n\n\n<li>Juicio Final<\/li>\n<\/ul>\n\n\n\n<p>S\u00edguenos en <a href=\"http:\/\/facebook.com\/chayfans\/\">Facebook<\/a>, <a href=\"http:\/\/twitter.com\/ChayfansOrg\">X<\/a>, <a href=\"http:\/\/threads.net\/@chayfansorg\">Threads<\/a>, <a href=\"https:\/\/bsky.app\/profile\/chayannefans.bsky.social\">Bluesky<\/a>, <a href=\"https:\/\/www.instagram.com\/chayfansorg\/\">Instagram<\/a>, y <a href=\"https:\/\/www.pinterest.com\/chayfans\">Pinterest<\/a>. \u00danase a <a href=\"https:\/\/follow.it\/chayanne-news-noticias-de-chayanne?pub\">nuestra lista de correo para recibir las \u00faltimas noticias sobre Chayanne<\/a>.<\/p>\n\n\n\n<p>Mi Tiempo is Chayanne&#8217;s 20th album during his career. It is now available around the world, including <a href=\"https:\/\/amzn.to\/4cVsdld\">Amazon<\/a> (Amazon Ad).<\/p>\n\n\n\n<p>Mi Tiempo has 13 songs that cover Brazilian genres, such as batucada and samba. It also has electronic sounds. The first song from the CD is \u201cSi Nos Quedara Poco Tiempo\u201d has been released and tells a love story.<\/p>\n\n\n\n<iframe loading=\"lazy\" width=\"560\" height=\"315\" src=\"https:\/\/www.youtube.com\/embed\/adzkF8IftoE?si=nlZwgL9kz2WNmRML\" title=\"YouTube video player\" frameborder=\"0\" allow=\"accelerometer; autoplay; clipboard-write; encrypted-media; gyroscope; picture-in-picture; web-share\" referrerpolicy=\"strict-origin-when-cross-origin\" allowfullscreen><\/iframe>\n\n\n\n<p>The CD includes the following songs:<\/p>\n\n\n\n<ul class=\"wp-block-list\">\n<li>Si Nos Quedara Poco Tiempo<\/li>\n\n\n\n<li>Lola<\/li>\n\n\n\n<li>Cuesti\u00f3n de Feeling<\/li>\n\n\n\n<li>Tengo Miedo<\/li>\n\n\n\n<li>Indispensable<\/li>\n\n\n\n<li>Bailarina<\/li>\n\n\n\n<li>Te Amar\u00e9<\/li>\n\n\n\n<li>Sin Palabras de Relleno<\/li>\n\n\n\n<li>Me Voy a R\u00edo<\/li>\n\n\n\n<li>Loco por Vos<\/li>\n\n\n\n<li>Juicio Final<\/li>\n<\/ul>\n\n\n\n<p>Follow us on <a href=\"https:\/\/www.facebook.com\/chayfans\/\">Facebook<\/a>, <a href=\"https:\/\/twitter.com\/ChayfansOrg\">X<\/a>, <a href=\"https:\/\/www.threads.net\/@chayfansorg\">Threads<\/a>, <a href=\"https:\/\/bsky.app\/profile\/chayannefans.bsky.social\">Bluesky<\/a>, <a href=\"https:\/\/www.instagram.com\/chayfansorg\/\">Instagram<\/a>, and <a href=\"https:\/\/www.pinterest.com\/chayfans\">Pinterest<\/a>. Join <a href=\"https:\/\/follow.it\/chayanne-news-noticias-de-chayanne?pub\">our mailing list for the latest news on Chayanne<\/a>.<\/p>\n","protected":false},"excerpt":{"rendered":"<p>Mi Tiempo es el \u00e1lbum n\u00famero 20 de Chayanne durante su carrera. Ahora est\u00e1 disponible en todo el mundo, incluido Amazon (anuncio de Amazon). Mi Tiempo tiene 13 canciones que abarcan g\u00e9neros brasile\u00f1os, como la batucada y la samba. Tambi\u00e9n tiene sonidos electr\u00f3nicos. La primera canci\u00f3n del CD es \u201cSi Nos Quedara Poco Tiempo\u201d ya [&hellip;]<\/p>\n","protected":false},"author":2,"featured_media":0,"comment_status":"open","ping_status":"open","sticky":false,"template":"","format":"standard","meta":{"footnotes":""},"categories":[3],"tags":[19,25],"class_list":["post-17","post","type-post","status-publish","format-standard","hentry","category-mi-tiempo","tag-chayanne","tag-mi-tiempo"],"yoast_head":"<!-- This site is optimized with the Yoast SEO plugin v27.4 - https:\/\/yoast.com\/product\/yoast-seo-wordpress\/ -->\n<title>Chayanne Regresa con Mi Tiempo - Chayanne Returns with Mi Tiempo - Chayanne News - Noticias de Chayanne<\/title>\n<meta name=\"description\" content=\"Chayanne regresa con Mi Tiempo, el \u00e1lbum n\u00famero 20 de Chayanne. Chayanne returns with Mi Tiempo, his 20th album during his career.\" \/>\n<meta name=\"robots\" content=\"index, follow, max-snippet:-1, max-image-preview:large, max-video-preview:-1\" \/>\n<link rel=\"canonical\" href=\"https:\/\/www.chayfans.org\/blog\/2007\/04\/12\/regresa\/\" \/>\n<meta property=\"og:locale\" content=\"en_US\" \/>\n<meta property=\"og:type\" content=\"article\" \/>\n<meta property=\"og:title\" content=\"Chayanne Regresa con Mi Tiempo - Chayanne Returns with Mi Tiempo - Chayanne News - Noticias de Chayanne\" \/>\n<meta property=\"og:description\" content=\"Chayanne regresa con Mi Tiempo, el \u00e1lbum n\u00famero 20 de Chayanne. Chayanne returns with Mi Tiempo, his 20th album during his career.\" \/>\n<meta property=\"og:url\" content=\"https:\/\/www.chayfans.org\/blog\/2007\/04\/12\/regresa\/\" \/>\n<meta property=\"og:site_name\" content=\"Chayanne News - Noticias de Chayanne\" \/>\n<meta property=\"article:publisher\" content=\"https:\/\/www.facebook.com\/chayfans\" \/>\n<meta property=\"article:author\" content=\"http:\/\/www.facebook.com\/chayfans\" \/>\n<meta property=\"article:published_time\" content=\"2007-04-12T21:40:00+00:00\" \/>\n<meta property=\"article:modified_time\" content=\"2025-04-12T13:29:19+00:00\" \/>\n<meta property=\"og:image\" content=\"https:\/\/www.chayfans.org\/blog\/wp-content\/uploads\/2024\/04\/chayanne-mi-tiempo-large.jpg\" \/>\n\t<meta property=\"og:image:width\" content=\"500\" \/>\n\t<meta property=\"og:image:height\" content=\"497\" \/>\n\t<meta property=\"og:image:type\" content=\"image\/jpeg\" \/>\n<meta name=\"author\" content=\"Melanie\" \/>\n<meta name=\"twitter:card\" content=\"summary_large_image\" \/>\n<meta name=\"twitter:creator\" content=\"@https:\/\/twitter.com\/ChayfansOrg\" \/>\n<meta name=\"twitter:site\" content=\"@chayfansorg\" \/>\n<meta name=\"twitter:label1\" content=\"Written by\" \/>\n\t<meta name=\"twitter:data1\" content=\"Melanie\" \/>\n\t<meta name=\"twitter:label2\" content=\"Est. reading time\" \/>\n\t<meta name=\"twitter:data2\" content=\"2 minutes\" \/>\n<script type=\"application\/ld+json\" class=\"yoast-schema-graph\">{\"@context\":\"https:\\\/\\\/schema.org\",\"@graph\":[{\"@type\":\"Article\",\"@id\":\"https:\\\/\\\/www.chayfans.org\\\/blog\\\/2007\\\/04\\\/12\\\/regresa\\\/#article\",\"isPartOf\":{\"@id\":\"https:\\\/\\\/www.chayfans.org\\\/blog\\\/2007\\\/04\\\/12\\\/regresa\\\/\"},\"author\":{\"name\":\"Melanie\",\"@id\":\"https:\\\/\\\/www.chayfans.org\\\/blog\\\/#\\\/schema\\\/person\\\/e61fe4a7cf201ac20dadf8780252257d\"},\"headline\":\"Chayanne Regresa con Mi Tiempo &#8211; Chayanne Returns with Mi Tiempo\",\"datePublished\":\"2007-04-12T21:40:00+00:00\",\"dateModified\":\"2025-04-12T13:29:19+00:00\",\"mainEntityOfPage\":{\"@id\":\"https:\\\/\\\/www.chayfans.org\\\/blog\\\/2007\\\/04\\\/12\\\/regresa\\\/\"},\"wordCount\":258,\"commentCount\":0,\"image\":{\"@id\":\"https:\\\/\\\/www.chayfans.org\\\/blog\\\/2007\\\/04\\\/12\\\/regresa\\\/#primaryimage\"},\"thumbnailUrl\":\"https:\\\/\\\/www.chayfans.org\\\/blog\\\/wp-content\\\/uploads\\\/2024\\\/04\\\/chayanne-mi-tiempo-large.jpg\",\"keywords\":[\"Chayanne\",\"Mi Tiempo\"],\"articleSection\":[\"Mi Tiempo\"],\"inLanguage\":\"en-US\",\"potentialAction\":[{\"@type\":\"CommentAction\",\"name\":\"Comment\",\"target\":[\"https:\\\/\\\/www.chayfans.org\\\/blog\\\/2007\\\/04\\\/12\\\/regresa\\\/#respond\"]}]},{\"@type\":\"WebPage\",\"@id\":\"https:\\\/\\\/www.chayfans.org\\\/blog\\\/2007\\\/04\\\/12\\\/regresa\\\/\",\"url\":\"https:\\\/\\\/www.chayfans.org\\\/blog\\\/2007\\\/04\\\/12\\\/regresa\\\/\",\"name\":\"Chayanne Regresa con Mi Tiempo - Chayanne Returns with Mi Tiempo - Chayanne News - Noticias de Chayanne\",\"isPartOf\":{\"@id\":\"https:\\\/\\\/www.chayfans.org\\\/blog\\\/#website\"},\"primaryImageOfPage\":{\"@id\":\"https:\\\/\\\/www.chayfans.org\\\/blog\\\/2007\\\/04\\\/12\\\/regresa\\\/#primaryimage\"},\"image\":{\"@id\":\"https:\\\/\\\/www.chayfans.org\\\/blog\\\/2007\\\/04\\\/12\\\/regresa\\\/#primaryimage\"},\"thumbnailUrl\":\"https:\\\/\\\/www.chayfans.org\\\/blog\\\/wp-content\\\/uploads\\\/2024\\\/04\\\/chayanne-mi-tiempo-large.jpg\",\"datePublished\":\"2007-04-12T21:40:00+00:00\",\"dateModified\":\"2025-04-12T13:29:19+00:00\",\"author\":{\"@id\":\"https:\\\/\\\/www.chayfans.org\\\/blog\\\/#\\\/schema\\\/person\\\/e61fe4a7cf201ac20dadf8780252257d\"},\"description\":\"Chayanne regresa con Mi Tiempo, el \u00e1lbum n\u00famero 20 de Chayanne. Chayanne returns with Mi Tiempo, his 20th album during his career.\",\"inLanguage\":\"en-US\",\"potentialAction\":[{\"@type\":\"ReadAction\",\"target\":[\"https:\\\/\\\/www.chayfans.org\\\/blog\\\/2007\\\/04\\\/12\\\/regresa\\\/\"]}]},{\"@type\":\"ImageObject\",\"inLanguage\":\"en-US\",\"@id\":\"https:\\\/\\\/www.chayfans.org\\\/blog\\\/2007\\\/04\\\/12\\\/regresa\\\/#primaryimage\",\"url\":\"https:\\\/\\\/www.chayfans.org\\\/blog\\\/wp-content\\\/uploads\\\/2024\\\/04\\\/chayanne-mi-tiempo-large.jpg\",\"contentUrl\":\"https:\\\/\\\/www.chayfans.org\\\/blog\\\/wp-content\\\/uploads\\\/2024\\\/04\\\/chayanne-mi-tiempo-large.jpg\",\"width\":500,\"height\":497},{\"@type\":\"WebSite\",\"@id\":\"https:\\\/\\\/www.chayfans.org\\\/blog\\\/#website\",\"url\":\"https:\\\/\\\/www.chayfans.org\\\/blog\\\/\",\"name\":\"Chayanne News - Noticias de Chayanne\",\"description\":\"The Chayanne Fans Site - www.chayfans.org\",\"potentialAction\":[{\"@type\":\"SearchAction\",\"target\":{\"@type\":\"EntryPoint\",\"urlTemplate\":\"https:\\\/\\\/www.chayfans.org\\\/blog\\\/?s={search_term_string}\"},\"query-input\":{\"@type\":\"PropertyValueSpecification\",\"valueRequired\":true,\"valueName\":\"search_term_string\"}}],\"inLanguage\":\"en-US\"},{\"@type\":\"Person\",\"@id\":\"https:\\\/\\\/www.chayfans.org\\\/blog\\\/#\\\/schema\\\/person\\\/e61fe4a7cf201ac20dadf8780252257d\",\"name\":\"Melanie\",\"image\":{\"@type\":\"ImageObject\",\"inLanguage\":\"en-US\",\"@id\":\"https:\\\/\\\/secure.gravatar.com\\\/avatar\\\/c86cc2e5fbc78e2a2cc2e477ed6d50c4203542769f0f64cdcd206e7e59133d95?s=96&d=mm&r=g\",\"url\":\"https:\\\/\\\/secure.gravatar.com\\\/avatar\\\/c86cc2e5fbc78e2a2cc2e477ed6d50c4203542769f0f64cdcd206e7e59133d95?s=96&d=mm&r=g\",\"contentUrl\":\"https:\\\/\\\/secure.gravatar.com\\\/avatar\\\/c86cc2e5fbc78e2a2cc2e477ed6d50c4203542769f0f64cdcd206e7e59133d95?s=96&d=mm&r=g\",\"caption\":\"Melanie\"},\"description\":\"Melanie ha sido fan de Chayanne desde que escuch\u00f3 por primera vez \\\"Fiesta en Am\u00e9rica\\\" \u200b\u200ben 1988. Comenz\u00f3 el sitio web de Chayfans.org en 1998. Melanie has been a Chayanne fan since she first heard \\\"Fiesta en America\\\" in 1988. She started The Chayanne Fans web site in 1998.\",\"sameAs\":[\"http:\\\/\\\/www.chayfans.org\",\"http:\\\/\\\/www.facebook.com\\\/chayfans\",\"https:\\\/\\\/www.threads.net\\\/@chayfansorg\",\"https:\\\/\\\/x.com\\\/https:\\\/\\\/twitter.com\\\/ChayfansOrg\"],\"url\":\"https:\\\/\\\/www.chayfans.org\\\/blog\\\/author\\\/melanie\\\/\"}]}<\/script>\n<!-- \/ Yoast SEO plugin. -->","yoast_head_json":{"title":"Chayanne Regresa con Mi Tiempo - Chayanne Returns with Mi Tiempo - Chayanne News - Noticias de Chayanne","description":"Chayanne regresa con Mi Tiempo, el \u00e1lbum n\u00famero 20 de Chayanne. Chayanne returns with Mi Tiempo, his 20th album during his career.","robots":{"index":"index","follow":"follow","max-snippet":"max-snippet:-1","max-image-preview":"max-image-preview:large","max-video-preview":"max-video-preview:-1"},"canonical":"https:\/\/www.chayfans.org\/blog\/2007\/04\/12\/regresa\/","og_locale":"en_US","og_type":"article","og_title":"Chayanne Regresa con Mi Tiempo - Chayanne Returns with Mi Tiempo - Chayanne News - Noticias de Chayanne","og_description":"Chayanne regresa con Mi Tiempo, el \u00e1lbum n\u00famero 20 de Chayanne. Chayanne returns with Mi Tiempo, his 20th album during his career.","og_url":"https:\/\/www.chayfans.org\/blog\/2007\/04\/12\/regresa\/","og_site_name":"Chayanne News - Noticias de Chayanne","article_publisher":"https:\/\/www.facebook.com\/chayfans","article_author":"http:\/\/www.facebook.com\/chayfans","article_published_time":"2007-04-12T21:40:00+00:00","article_modified_time":"2025-04-12T13:29:19+00:00","og_image":[{"width":500,"height":497,"url":"https:\/\/www.chayfans.org\/blog\/wp-content\/uploads\/2024\/04\/chayanne-mi-tiempo-large.jpg","type":"image\/jpeg"}],"author":"Melanie","twitter_card":"summary_large_image","twitter_creator":"@https:\/\/twitter.com\/ChayfansOrg","twitter_site":"@chayfansorg","twitter_misc":{"Written by":"Melanie","Est. reading time":"2 minutes"},"schema":{"@context":"https:\/\/schema.org","@graph":[{"@type":"Article","@id":"https:\/\/www.chayfans.org\/blog\/2007\/04\/12\/regresa\/#article","isPartOf":{"@id":"https:\/\/www.chayfans.org\/blog\/2007\/04\/12\/regresa\/"},"author":{"name":"Melanie","@id":"https:\/\/www.chayfans.org\/blog\/#\/schema\/person\/e61fe4a7cf201ac20dadf8780252257d"},"headline":"Chayanne Regresa con Mi Tiempo &#8211; Chayanne Returns with Mi Tiempo","datePublished":"2007-04-12T21:40:00+00:00","dateModified":"2025-04-12T13:29:19+00:00","mainEntityOfPage":{"@id":"https:\/\/www.chayfans.org\/blog\/2007\/04\/12\/regresa\/"},"wordCount":258,"commentCount":0,"image":{"@id":"https:\/\/www.chayfans.org\/blog\/2007\/04\/12\/regresa\/#primaryimage"},"thumbnailUrl":"https:\/\/www.chayfans.org\/blog\/wp-content\/uploads\/2024\/04\/chayanne-mi-tiempo-large.jpg","keywords":["Chayanne","Mi Tiempo"],"articleSection":["Mi Tiempo"],"inLanguage":"en-US","potentialAction":[{"@type":"CommentAction","name":"Comment","target":["https:\/\/www.chayfans.org\/blog\/2007\/04\/12\/regresa\/#respond"]}]},{"@type":"WebPage","@id":"https:\/\/www.chayfans.org\/blog\/2007\/04\/12\/regresa\/","url":"https:\/\/www.chayfans.org\/blog\/2007\/04\/12\/regresa\/","name":"Chayanne Regresa con Mi Tiempo - Chayanne Returns with Mi Tiempo - Chayanne News - Noticias de Chayanne","isPartOf":{"@id":"https:\/\/www.chayfans.org\/blog\/#website"},"primaryImageOfPage":{"@id":"https:\/\/www.chayfans.org\/blog\/2007\/04\/12\/regresa\/#primaryimage"},"image":{"@id":"https:\/\/www.chayfans.org\/blog\/2007\/04\/12\/regresa\/#primaryimage"},"thumbnailUrl":"https:\/\/www.chayfans.org\/blog\/wp-content\/uploads\/2024\/04\/chayanne-mi-tiempo-large.jpg","datePublished":"2007-04-12T21:40:00+00:00","dateModified":"2025-04-12T13:29:19+00:00","author":{"@id":"https:\/\/www.chayfans.org\/blog\/#\/schema\/person\/e61fe4a7cf201ac20dadf8780252257d"},"description":"Chayanne regresa con Mi Tiempo, el \u00e1lbum n\u00famero 20 de Chayanne. Chayanne returns with Mi Tiempo, his 20th album during his career.","inLanguage":"en-US","potentialAction":[{"@type":"ReadAction","target":["https:\/\/www.chayfans.org\/blog\/2007\/04\/12\/regresa\/"]}]},{"@type":"ImageObject","inLanguage":"en-US","@id":"https:\/\/www.chayfans.org\/blog\/2007\/04\/12\/regresa\/#primaryimage","url":"https:\/\/www.chayfans.org\/blog\/wp-content\/uploads\/2024\/04\/chayanne-mi-tiempo-large.jpg","contentUrl":"https:\/\/www.chayfans.org\/blog\/wp-content\/uploads\/2024\/04\/chayanne-mi-tiempo-large.jpg","width":500,"height":497},{"@type":"WebSite","@id":"https:\/\/www.chayfans.org\/blog\/#website","url":"https:\/\/www.chayfans.org\/blog\/","name":"Chayanne News - Noticias de Chayanne","description":"The Chayanne Fans Site - www.chayfans.org","potentialAction":[{"@type":"SearchAction","target":{"@type":"EntryPoint","urlTemplate":"https:\/\/www.chayfans.org\/blog\/?s={search_term_string}"},"query-input":{"@type":"PropertyValueSpecification","valueRequired":true,"valueName":"search_term_string"}}],"inLanguage":"en-US"},{"@type":"Person","@id":"https:\/\/www.chayfans.org\/blog\/#\/schema\/person\/e61fe4a7cf201ac20dadf8780252257d","name":"Melanie","image":{"@type":"ImageObject","inLanguage":"en-US","@id":"https:\/\/secure.gravatar.com\/avatar\/c86cc2e5fbc78e2a2cc2e477ed6d50c4203542769f0f64cdcd206e7e59133d95?s=96&d=mm&r=g","url":"https:\/\/secure.gravatar.com\/avatar\/c86cc2e5fbc78e2a2cc2e477ed6d50c4203542769f0f64cdcd206e7e59133d95?s=96&d=mm&r=g","contentUrl":"https:\/\/secure.gravatar.com\/avatar\/c86cc2e5fbc78e2a2cc2e477ed6d50c4203542769f0f64cdcd206e7e59133d95?s=96&d=mm&r=g","caption":"Melanie"},"description":"Melanie ha sido fan de Chayanne desde que escuch\u00f3 por primera vez \"Fiesta en Am\u00e9rica\" \u200b\u200ben 1988. Comenz\u00f3 el sitio web de Chayfans.org en 1998. Melanie has been a Chayanne fan since she first heard \"Fiesta en America\" in 1988. She started The Chayanne Fans web site in 1998.","sameAs":["http:\/\/www.chayfans.org","http:\/\/www.facebook.com\/chayfans","https:\/\/www.threads.net\/@chayfansorg","https:\/\/x.com\/https:\/\/twitter.com\/ChayfansOrg"],"url":"https:\/\/www.chayfans.org\/blog\/author\/melanie\/"}]}},"_links":{"self":[{"href":"https:\/\/www.chayfans.org\/blog\/wp-json\/wp\/v2\/posts\/17","targetHints":{"allow":["GET"]}}],"collection":[{"href":"https:\/\/www.chayfans.org\/blog\/wp-json\/wp\/v2\/posts"}],"about":[{"href":"https:\/\/www.chayfans.org\/blog\/wp-json\/wp\/v2\/types\/post"}],"author":[{"embeddable":true,"href":"https:\/\/www.chayfans.org\/blog\/wp-json\/wp\/v2\/users\/2"}],"replies":[{"embeddable":true,"href":"https:\/\/www.chayfans.org\/blog\/wp-json\/wp\/v2\/comments?post=17"}],"version-history":[{"count":0,"href":"https:\/\/www.chayfans.org\/blog\/wp-json\/wp\/v2\/posts\/17\/revisions"}],"wp:attachment":[{"href":"https:\/\/www.chayfans.org\/blog\/wp-json\/wp\/v2\/media?parent=17"}],"wp:term":[{"taxonomy":"category","embeddable":true,"href":"https:\/\/www.chayfans.org\/blog\/wp-json\/wp\/v2\/categories?post=17"},{"taxonomy":"post_tag","embeddable":true,"href":"https:\/\/www.chayfans.org\/blog\/wp-json\/wp\/v2\/tags?post=17"}],"curies":[{"name":"wp","href":"https:\/\/api.w.org\/{rel}","templated":true}]}}