{"id":160,"date":"2007-07-17T08:13:57","date_gmt":"2007-07-17T13:13:57","guid":{"rendered":"http:\/\/www.chayfans.org\/blog\/2007\/07\/17\/chayanne-confirma-las-fechas-de-sus-conciertos-en-madrid-y-barcelona\/"},"modified":"2012-07-29T22:17:31","modified_gmt":"2012-07-30T02:17:31","slug":"chayanne-confirma-las-fechas-de-sus-conciertos-en-madrid-y-barcelona","status":"publish","type":"post","link":"https:\/\/www.chayfans.org\/blog\/2007\/07\/17\/chayanne-confirma-las-fechas-de-sus-conciertos-en-madrid-y-barcelona\/","title":{"rendered":"Chayanne confirma las fechas de sus conciertos en Madrid y Barcelona"},"content":{"rendered":"<p>El artista puertorrique\u00f1o iniciar\u00e1 el pr\u00f3ximo mes de agosto una gira por nuestro pa\u00eds para presentar su \u00e1lbum <em>Mi tiempo<\/em>. Ser\u00e1n 18 conciertos, de los cu\u00e1les se acaba des velar los detalles de los que tendr\u00e1n lugar en Madrid (5 de septiembre) y Barcelona (8 del mismo mes).<\/p>\n<p><span class=\"negro\">&#8220;El \u00fanico que va a estar de los <em>tours<\/em> anteriores voy a ser yo pero la parte de coreograf\u00eda, luces, efectos de gr\u00e1ficas y estructura del show es totalmente nueva. Voy a fusionar temas y el sonido tambi\u00e9n se recrea para que sea m\u00e1s contempor\u00e1neo con las canciones que ya han sido \u00e9xito&#8221;. Con estas palabras describi\u00f3 Chayanne en su reciente encuentro digital con los40.com el espect\u00e1culo que traer\u00e1 a nuestro pa\u00eds el pr\u00f3ximo mes de agosto y que en septiembre llegar\u00e1 a dos de sus plazas m\u00e1s destacadas.<\/span><\/p>\n<p>&nbsp;<\/p>\n","protected":false},"excerpt":{"rendered":"<p>El artista puertorrique\u00f1o iniciar\u00e1 el pr\u00f3ximo mes de agosto una gira por nuestro pa\u00eds para presentar su \u00e1lbum Mi tiempo. Ser\u00e1n 18 conciertos, de los cu\u00e1les se acaba des velar los detalles de los que tendr\u00e1n lugar en Madrid (5 de septiembre) y Barcelona (8 del mismo mes). &#8220;El \u00fanico que va a estar de [&hellip;]<\/p>\n","protected":false},"author":2,"featured_media":0,"comment_status":"open","ping_status":"open","sticky":false,"template":"","format":"standard","meta":{"footnotes":""},"categories":[3],"tags":[],"class_list":["post-160","post","type-post","status-publish","format-standard","hentry","category-mi-tiempo"],"yoast_head":"<!-- This site is optimized with the Yoast SEO plugin v27.4 - https:\/\/yoast.com\/product\/yoast-seo-wordpress\/ -->\n<title>Chayanne confirma las fechas de sus conciertos en Madrid y Barcelona - Chayanne News - Noticias de Chayanne<\/title>\n<meta name=\"robots\" content=\"index, follow, max-snippet:-1, max-image-preview:large, max-video-preview:-1\" \/>\n<link rel=\"canonical\" href=\"https:\/\/www.chayfans.org\/blog\/2007\/07\/17\/chayanne-confirma-las-fechas-de-sus-conciertos-en-madrid-y-barcelona\/\" \/>\n<meta property=\"og:locale\" content=\"en_US\" \/>\n<meta property=\"og:type\" content=\"article\" \/>\n<meta property=\"og:title\" content=\"Chayanne confirma las fechas de sus conciertos en Madrid y Barcelona - Chayanne News - Noticias de Chayanne\" \/>\n<meta property=\"og:description\" content=\"El artista puertorrique\u00f1o iniciar\u00e1 el pr\u00f3ximo mes de agosto una gira por nuestro pa\u00eds para presentar su \u00e1lbum Mi tiempo. Ser\u00e1n 18 conciertos, de los cu\u00e1les se acaba des velar los detalles de los que tendr\u00e1n lugar en Madrid (5 de septiembre) y Barcelona (8 del mismo mes). &#8220;El \u00fanico que va a estar de [&hellip;]\" \/>\n<meta property=\"og:url\" content=\"https:\/\/www.chayfans.org\/blog\/2007\/07\/17\/chayanne-confirma-las-fechas-de-sus-conciertos-en-madrid-y-barcelona\/\" \/>\n<meta property=\"og:site_name\" content=\"Chayanne News - Noticias de Chayanne\" \/>\n<meta property=\"article:publisher\" content=\"https:\/\/www.facebook.com\/chayfans\" \/>\n<meta property=\"article:author\" content=\"http:\/\/www.facebook.com\/chayfans\" \/>\n<meta property=\"article:published_time\" content=\"2007-07-17T13:13:57+00:00\" \/>\n<meta property=\"article:modified_time\" content=\"2012-07-30T02:17:31+00:00\" \/>\n<meta name=\"author\" content=\"Melanie\" \/>\n<meta name=\"twitter:card\" content=\"summary_large_image\" \/>\n<meta name=\"twitter:creator\" content=\"@https:\/\/twitter.com\/ChayfansOrg\" \/>\n<meta name=\"twitter:site\" content=\"@chayfansorg\" \/>\n<meta name=\"twitter:label1\" content=\"Written by\" \/>\n\t<meta name=\"twitter:data1\" content=\"Melanie\" \/>\n\t<meta name=\"twitter:label2\" content=\"Est. reading time\" \/>\n\t<meta name=\"twitter:data2\" content=\"1 minute\" \/>\n<script type=\"application\/ld+json\" class=\"yoast-schema-graph\">{\"@context\":\"https:\\\/\\\/schema.org\",\"@graph\":[{\"@type\":\"Article\",\"@id\":\"https:\\\/\\\/www.chayfans.org\\\/blog\\\/2007\\\/07\\\/17\\\/chayanne-confirma-las-fechas-de-sus-conciertos-en-madrid-y-barcelona\\\/#article\",\"isPartOf\":{\"@id\":\"https:\\\/\\\/www.chayfans.org\\\/blog\\\/2007\\\/07\\\/17\\\/chayanne-confirma-las-fechas-de-sus-conciertos-en-madrid-y-barcelona\\\/\"},\"author\":{\"name\":\"Melanie\",\"@id\":\"https:\\\/\\\/www.chayfans.org\\\/blog\\\/#\\\/schema\\\/person\\\/e61fe4a7cf201ac20dadf8780252257d\"},\"headline\":\"Chayanne confirma las fechas de sus conciertos en Madrid y Barcelona\",\"datePublished\":\"2007-07-17T13:13:57+00:00\",\"dateModified\":\"2012-07-30T02:17:31+00:00\",\"mainEntityOfPage\":{\"@id\":\"https:\\\/\\\/www.chayfans.org\\\/blog\\\/2007\\\/07\\\/17\\\/chayanne-confirma-las-fechas-de-sus-conciertos-en-madrid-y-barcelona\\\/\"},\"wordCount\":162,\"commentCount\":0,\"articleSection\":[\"Mi Tiempo\"],\"inLanguage\":\"en-US\",\"potentialAction\":[{\"@type\":\"CommentAction\",\"name\":\"Comment\",\"target\":[\"https:\\\/\\\/www.chayfans.org\\\/blog\\\/2007\\\/07\\\/17\\\/chayanne-confirma-las-fechas-de-sus-conciertos-en-madrid-y-barcelona\\\/#respond\"]}]},{\"@type\":\"WebPage\",\"@id\":\"https:\\\/\\\/www.chayfans.org\\\/blog\\\/2007\\\/07\\\/17\\\/chayanne-confirma-las-fechas-de-sus-conciertos-en-madrid-y-barcelona\\\/\",\"url\":\"https:\\\/\\\/www.chayfans.org\\\/blog\\\/2007\\\/07\\\/17\\\/chayanne-confirma-las-fechas-de-sus-conciertos-en-madrid-y-barcelona\\\/\",\"name\":\"Chayanne confirma las fechas de sus conciertos en Madrid y Barcelona - Chayanne News - Noticias de Chayanne\",\"isPartOf\":{\"@id\":\"https:\\\/\\\/www.chayfans.org\\\/blog\\\/#website\"},\"datePublished\":\"2007-07-17T13:13:57+00:00\",\"dateModified\":\"2012-07-30T02:17:31+00:00\",\"author\":{\"@id\":\"https:\\\/\\\/www.chayfans.org\\\/blog\\\/#\\\/schema\\\/person\\\/e61fe4a7cf201ac20dadf8780252257d\"},\"inLanguage\":\"en-US\",\"potentialAction\":[{\"@type\":\"ReadAction\",\"target\":[\"https:\\\/\\\/www.chayfans.org\\\/blog\\\/2007\\\/07\\\/17\\\/chayanne-confirma-las-fechas-de-sus-conciertos-en-madrid-y-barcelona\\\/\"]}]},{\"@type\":\"WebSite\",\"@id\":\"https:\\\/\\\/www.chayfans.org\\\/blog\\\/#website\",\"url\":\"https:\\\/\\\/www.chayfans.org\\\/blog\\\/\",\"name\":\"Chayanne News - Noticias de Chayanne\",\"description\":\"The Chayanne Fans Site - www.chayfans.org\",\"potentialAction\":[{\"@type\":\"SearchAction\",\"target\":{\"@type\":\"EntryPoint\",\"urlTemplate\":\"https:\\\/\\\/www.chayfans.org\\\/blog\\\/?s={search_term_string}\"},\"query-input\":{\"@type\":\"PropertyValueSpecification\",\"valueRequired\":true,\"valueName\":\"search_term_string\"}}],\"inLanguage\":\"en-US\"},{\"@type\":\"Person\",\"@id\":\"https:\\\/\\\/www.chayfans.org\\\/blog\\\/#\\\/schema\\\/person\\\/e61fe4a7cf201ac20dadf8780252257d\",\"name\":\"Melanie\",\"image\":{\"@type\":\"ImageObject\",\"inLanguage\":\"en-US\",\"@id\":\"https:\\\/\\\/secure.gravatar.com\\\/avatar\\\/c86cc2e5fbc78e2a2cc2e477ed6d50c4203542769f0f64cdcd206e7e59133d95?s=96&d=mm&r=g\",\"url\":\"https:\\\/\\\/secure.gravatar.com\\\/avatar\\\/c86cc2e5fbc78e2a2cc2e477ed6d50c4203542769f0f64cdcd206e7e59133d95?s=96&d=mm&r=g\",\"contentUrl\":\"https:\\\/\\\/secure.gravatar.com\\\/avatar\\\/c86cc2e5fbc78e2a2cc2e477ed6d50c4203542769f0f64cdcd206e7e59133d95?s=96&d=mm&r=g\",\"caption\":\"Melanie\"},\"description\":\"Melanie ha sido fan de Chayanne desde que escuch\u00f3 por primera vez \\\"Fiesta en Am\u00e9rica\\\" \u200b\u200ben 1988. Comenz\u00f3 el sitio web de Chayfans.org en 1998. Melanie has been a Chayanne fan since she first heard \\\"Fiesta en America\\\" in 1988. She started The Chayanne Fans web site in 1998.\",\"sameAs\":[\"http:\\\/\\\/www.chayfans.org\",\"http:\\\/\\\/www.facebook.com\\\/chayfans\",\"https:\\\/\\\/www.threads.net\\\/@chayfansorg\",\"https:\\\/\\\/x.com\\\/https:\\\/\\\/twitter.com\\\/ChayfansOrg\"],\"url\":\"https:\\\/\\\/www.chayfans.org\\\/blog\\\/author\\\/melanie\\\/\"}]}<\/script>\n<!-- \/ Yoast SEO plugin. -->","yoast_head_json":{"title":"Chayanne confirma las fechas de sus conciertos en Madrid y Barcelona - Chayanne News - Noticias de Chayanne","robots":{"index":"index","follow":"follow","max-snippet":"max-snippet:-1","max-image-preview":"max-image-preview:large","max-video-preview":"max-video-preview:-1"},"canonical":"https:\/\/www.chayfans.org\/blog\/2007\/07\/17\/chayanne-confirma-las-fechas-de-sus-conciertos-en-madrid-y-barcelona\/","og_locale":"en_US","og_type":"article","og_title":"Chayanne confirma las fechas de sus conciertos en Madrid y Barcelona - Chayanne News - Noticias de Chayanne","og_description":"El artista puertorrique\u00f1o iniciar\u00e1 el pr\u00f3ximo mes de agosto una gira por nuestro pa\u00eds para presentar su \u00e1lbum Mi tiempo. Ser\u00e1n 18 conciertos, de los cu\u00e1les se acaba des velar los detalles de los que tendr\u00e1n lugar en Madrid (5 de septiembre) y Barcelona (8 del mismo mes). &#8220;El \u00fanico que va a estar de [&hellip;]","og_url":"https:\/\/www.chayfans.org\/blog\/2007\/07\/17\/chayanne-confirma-las-fechas-de-sus-conciertos-en-madrid-y-barcelona\/","og_site_name":"Chayanne News - Noticias de Chayanne","article_publisher":"https:\/\/www.facebook.com\/chayfans","article_author":"http:\/\/www.facebook.com\/chayfans","article_published_time":"2007-07-17T13:13:57+00:00","article_modified_time":"2012-07-30T02:17:31+00:00","author":"Melanie","twitter_card":"summary_large_image","twitter_creator":"@https:\/\/twitter.com\/ChayfansOrg","twitter_site":"@chayfansorg","twitter_misc":{"Written by":"Melanie","Est. reading time":"1 minute"},"schema":{"@context":"https:\/\/schema.org","@graph":[{"@type":"Article","@id":"https:\/\/www.chayfans.org\/blog\/2007\/07\/17\/chayanne-confirma-las-fechas-de-sus-conciertos-en-madrid-y-barcelona\/#article","isPartOf":{"@id":"https:\/\/www.chayfans.org\/blog\/2007\/07\/17\/chayanne-confirma-las-fechas-de-sus-conciertos-en-madrid-y-barcelona\/"},"author":{"name":"Melanie","@id":"https:\/\/www.chayfans.org\/blog\/#\/schema\/person\/e61fe4a7cf201ac20dadf8780252257d"},"headline":"Chayanne confirma las fechas de sus conciertos en Madrid y Barcelona","datePublished":"2007-07-17T13:13:57+00:00","dateModified":"2012-07-30T02:17:31+00:00","mainEntityOfPage":{"@id":"https:\/\/www.chayfans.org\/blog\/2007\/07\/17\/chayanne-confirma-las-fechas-de-sus-conciertos-en-madrid-y-barcelona\/"},"wordCount":162,"commentCount":0,"articleSection":["Mi Tiempo"],"inLanguage":"en-US","potentialAction":[{"@type":"CommentAction","name":"Comment","target":["https:\/\/www.chayfans.org\/blog\/2007\/07\/17\/chayanne-confirma-las-fechas-de-sus-conciertos-en-madrid-y-barcelona\/#respond"]}]},{"@type":"WebPage","@id":"https:\/\/www.chayfans.org\/blog\/2007\/07\/17\/chayanne-confirma-las-fechas-de-sus-conciertos-en-madrid-y-barcelona\/","url":"https:\/\/www.chayfans.org\/blog\/2007\/07\/17\/chayanne-confirma-las-fechas-de-sus-conciertos-en-madrid-y-barcelona\/","name":"Chayanne confirma las fechas de sus conciertos en Madrid y Barcelona - Chayanne News - Noticias de Chayanne","isPartOf":{"@id":"https:\/\/www.chayfans.org\/blog\/#website"},"datePublished":"2007-07-17T13:13:57+00:00","dateModified":"2012-07-30T02:17:31+00:00","author":{"@id":"https:\/\/www.chayfans.org\/blog\/#\/schema\/person\/e61fe4a7cf201ac20dadf8780252257d"},"inLanguage":"en-US","potentialAction":[{"@type":"ReadAction","target":["https:\/\/www.chayfans.org\/blog\/2007\/07\/17\/chayanne-confirma-las-fechas-de-sus-conciertos-en-madrid-y-barcelona\/"]}]},{"@type":"WebSite","@id":"https:\/\/www.chayfans.org\/blog\/#website","url":"https:\/\/www.chayfans.org\/blog\/","name":"Chayanne News - Noticias de Chayanne","description":"The Chayanne Fans Site - www.chayfans.org","potentialAction":[{"@type":"SearchAction","target":{"@type":"EntryPoint","urlTemplate":"https:\/\/www.chayfans.org\/blog\/?s={search_term_string}"},"query-input":{"@type":"PropertyValueSpecification","valueRequired":true,"valueName":"search_term_string"}}],"inLanguage":"en-US"},{"@type":"Person","@id":"https:\/\/www.chayfans.org\/blog\/#\/schema\/person\/e61fe4a7cf201ac20dadf8780252257d","name":"Melanie","image":{"@type":"ImageObject","inLanguage":"en-US","@id":"https:\/\/secure.gravatar.com\/avatar\/c86cc2e5fbc78e2a2cc2e477ed6d50c4203542769f0f64cdcd206e7e59133d95?s=96&d=mm&r=g","url":"https:\/\/secure.gravatar.com\/avatar\/c86cc2e5fbc78e2a2cc2e477ed6d50c4203542769f0f64cdcd206e7e59133d95?s=96&d=mm&r=g","contentUrl":"https:\/\/secure.gravatar.com\/avatar\/c86cc2e5fbc78e2a2cc2e477ed6d50c4203542769f0f64cdcd206e7e59133d95?s=96&d=mm&r=g","caption":"Melanie"},"description":"Melanie ha sido fan de Chayanne desde que escuch\u00f3 por primera vez \"Fiesta en Am\u00e9rica\" \u200b\u200ben 1988. Comenz\u00f3 el sitio web de Chayfans.org en 1998. Melanie has been a Chayanne fan since she first heard \"Fiesta en America\" in 1988. She started The Chayanne Fans web site in 1998.","sameAs":["http:\/\/www.chayfans.org","http:\/\/www.facebook.com\/chayfans","https:\/\/www.threads.net\/@chayfansorg","https:\/\/x.com\/https:\/\/twitter.com\/ChayfansOrg"],"url":"https:\/\/www.chayfans.org\/blog\/author\/melanie\/"}]}},"_links":{"self":[{"href":"https:\/\/www.chayfans.org\/blog\/wp-json\/wp\/v2\/posts\/160","targetHints":{"allow":["GET"]}}],"collection":[{"href":"https:\/\/www.chayfans.org\/blog\/wp-json\/wp\/v2\/posts"}],"about":[{"href":"https:\/\/www.chayfans.org\/blog\/wp-json\/wp\/v2\/types\/post"}],"author":[{"embeddable":true,"href":"https:\/\/www.chayfans.org\/blog\/wp-json\/wp\/v2\/users\/2"}],"replies":[{"embeddable":true,"href":"https:\/\/www.chayfans.org\/blog\/wp-json\/wp\/v2\/comments?post=160"}],"version-history":[{"count":0,"href":"https:\/\/www.chayfans.org\/blog\/wp-json\/wp\/v2\/posts\/160\/revisions"}],"wp:attachment":[{"href":"https:\/\/www.chayfans.org\/blog\/wp-json\/wp\/v2\/media?parent=160"}],"wp:term":[{"taxonomy":"category","embeddable":true,"href":"https:\/\/www.chayfans.org\/blog\/wp-json\/wp\/v2\/categories?post=160"},{"taxonomy":"post_tag","embeddable":true,"href":"https:\/\/www.chayfans.org\/blog\/wp-json\/wp\/v2\/tags?post=160"}],"curies":[{"name":"wp","href":"https:\/\/api.w.org\/{rel}","templated":true}]}}