{"id":150,"date":"2007-07-06T08:30:50","date_gmt":"2007-07-06T13:30:50","guid":{"rendered":"http:\/\/www.chayfans.org\/blog\/2007\/07\/06\/vina-confirma-animadores-y-primer-contratado-chayanne\/"},"modified":"2012-07-29T22:16:37","modified_gmt":"2012-07-30T02:16:37","slug":"vina-confirma-animadores-y-primer-contratado-chayanne","status":"publish","type":"post","link":"https:\/\/www.chayfans.org\/blog\/2007\/07\/06\/vina-confirma-animadores-y-primer-contratado-chayanne\/","title":{"rendered":"Vi\u00f1a confirma animadores y primer contratado: Chayanne"},"content":{"rendered":"<p><span class=\"negrotextoprincipal\">Despu\u00e9s de meses de conversaciones en que Sergio Lagos y Tonka Tomicic negociaron por separado su participaci\u00f3n el XLIX Festival Internacional de la Canci\u00f3n de Vi\u00f1a del Mar, el pr\u00f3ximo lunes la organizaci\u00f3n del certamen presentar\u00e1 oficialmente a la pareja anfitriona del certamen, esto luego que ambos llegaran a un acuerdo econ\u00f3mico (Tonka recibir\u00eda $ 50 millones y Lagos $ 65 millones) para subirse a la Quinta Vergara.<\/span><\/p>\n<p>Esta primera actividad oficial de Vi\u00f1a 2008 tendr\u00e1 lugar en el Hotel del Mar de la Ciudad Jard\u00edn, donde a las 11.30 horas del lunes aparecer\u00e1 la pareja acompa\u00f1ada de la alcaldesa Virginia Reginato y del director del evento, Ricardo de la Fuente, dando el vamos al itinerario de esta nueva versi\u00f3n.<\/p>\n","protected":false},"excerpt":{"rendered":"<p>Despu\u00e9s de meses de conversaciones en que Sergio Lagos y Tonka Tomicic negociaron por separado su participaci\u00f3n el XLIX Festival Internacional de la Canci\u00f3n de Vi\u00f1a del Mar, el pr\u00f3ximo lunes la organizaci\u00f3n del certamen presentar\u00e1 oficialmente a la pareja anfitriona del certamen, esto luego que ambos llegaran a un acuerdo econ\u00f3mico (Tonka recibir\u00eda $ [&hellip;]<\/p>\n","protected":false},"author":2,"featured_media":0,"comment_status":"open","ping_status":"open","sticky":false,"template":"","format":"standard","meta":{"footnotes":""},"categories":[3],"tags":[],"class_list":["post-150","post","type-post","status-publish","format-standard","hentry","category-mi-tiempo"],"yoast_head":"<!-- This site is optimized with the Yoast SEO plugin v27.4 - https:\/\/yoast.com\/product\/yoast-seo-wordpress\/ -->\n<title>Vi\u00f1a confirma animadores y primer contratado: Chayanne - Chayanne News - Noticias de Chayanne<\/title>\n<meta name=\"robots\" content=\"index, follow, max-snippet:-1, max-image-preview:large, max-video-preview:-1\" \/>\n<link rel=\"canonical\" href=\"https:\/\/www.chayfans.org\/blog\/2007\/07\/06\/vina-confirma-animadores-y-primer-contratado-chayanne\/\" \/>\n<meta property=\"og:locale\" content=\"en_US\" \/>\n<meta property=\"og:type\" content=\"article\" \/>\n<meta property=\"og:title\" content=\"Vi\u00f1a confirma animadores y primer contratado: Chayanne - Chayanne News - Noticias de Chayanne\" \/>\n<meta property=\"og:description\" content=\"Despu\u00e9s de meses de conversaciones en que Sergio Lagos y Tonka Tomicic negociaron por separado su participaci\u00f3n el XLIX Festival Internacional de la Canci\u00f3n de Vi\u00f1a del Mar, el pr\u00f3ximo lunes la organizaci\u00f3n del certamen presentar\u00e1 oficialmente a la pareja anfitriona del certamen, esto luego que ambos llegaran a un acuerdo econ\u00f3mico (Tonka recibir\u00eda $ [&hellip;]\" \/>\n<meta property=\"og:url\" content=\"https:\/\/www.chayfans.org\/blog\/2007\/07\/06\/vina-confirma-animadores-y-primer-contratado-chayanne\/\" \/>\n<meta property=\"og:site_name\" content=\"Chayanne News - Noticias de Chayanne\" \/>\n<meta property=\"article:publisher\" content=\"https:\/\/www.facebook.com\/chayfans\" \/>\n<meta property=\"article:author\" content=\"http:\/\/www.facebook.com\/chayfans\" \/>\n<meta property=\"article:published_time\" content=\"2007-07-06T13:30:50+00:00\" \/>\n<meta property=\"article:modified_time\" content=\"2012-07-30T02:16:37+00:00\" \/>\n<meta name=\"author\" content=\"Melanie\" \/>\n<meta name=\"twitter:card\" content=\"summary_large_image\" \/>\n<meta name=\"twitter:creator\" content=\"@https:\/\/twitter.com\/ChayfansOrg\" \/>\n<meta name=\"twitter:site\" content=\"@chayfansorg\" \/>\n<meta name=\"twitter:label1\" content=\"Written by\" \/>\n\t<meta name=\"twitter:data1\" content=\"Melanie\" \/>\n\t<meta name=\"twitter:label2\" content=\"Est. reading time\" \/>\n\t<meta name=\"twitter:data2\" content=\"1 minute\" \/>\n<script type=\"application\/ld+json\" class=\"yoast-schema-graph\">{\"@context\":\"https:\\\/\\\/schema.org\",\"@graph\":[{\"@type\":\"Article\",\"@id\":\"https:\\\/\\\/www.chayfans.org\\\/blog\\\/2007\\\/07\\\/06\\\/vina-confirma-animadores-y-primer-contratado-chayanne\\\/#article\",\"isPartOf\":{\"@id\":\"https:\\\/\\\/www.chayfans.org\\\/blog\\\/2007\\\/07\\\/06\\\/vina-confirma-animadores-y-primer-contratado-chayanne\\\/\"},\"author\":{\"name\":\"Melanie\",\"@id\":\"https:\\\/\\\/www.chayfans.org\\\/blog\\\/#\\\/schema\\\/person\\\/e61fe4a7cf201ac20dadf8780252257d\"},\"headline\":\"Vi\u00f1a confirma animadores y primer contratado: Chayanne\",\"datePublished\":\"2007-07-06T13:30:50+00:00\",\"dateModified\":\"2012-07-30T02:16:37+00:00\",\"mainEntityOfPage\":{\"@id\":\"https:\\\/\\\/www.chayfans.org\\\/blog\\\/2007\\\/07\\\/06\\\/vina-confirma-animadores-y-primer-contratado-chayanne\\\/\"},\"wordCount\":134,\"commentCount\":1,\"articleSection\":[\"Mi Tiempo\"],\"inLanguage\":\"en-US\",\"potentialAction\":[{\"@type\":\"CommentAction\",\"name\":\"Comment\",\"target\":[\"https:\\\/\\\/www.chayfans.org\\\/blog\\\/2007\\\/07\\\/06\\\/vina-confirma-animadores-y-primer-contratado-chayanne\\\/#respond\"]}]},{\"@type\":\"WebPage\",\"@id\":\"https:\\\/\\\/www.chayfans.org\\\/blog\\\/2007\\\/07\\\/06\\\/vina-confirma-animadores-y-primer-contratado-chayanne\\\/\",\"url\":\"https:\\\/\\\/www.chayfans.org\\\/blog\\\/2007\\\/07\\\/06\\\/vina-confirma-animadores-y-primer-contratado-chayanne\\\/\",\"name\":\"Vi\u00f1a confirma animadores y primer contratado: Chayanne - Chayanne News - Noticias de Chayanne\",\"isPartOf\":{\"@id\":\"https:\\\/\\\/www.chayfans.org\\\/blog\\\/#website\"},\"datePublished\":\"2007-07-06T13:30:50+00:00\",\"dateModified\":\"2012-07-30T02:16:37+00:00\",\"author\":{\"@id\":\"https:\\\/\\\/www.chayfans.org\\\/blog\\\/#\\\/schema\\\/person\\\/e61fe4a7cf201ac20dadf8780252257d\"},\"inLanguage\":\"en-US\",\"potentialAction\":[{\"@type\":\"ReadAction\",\"target\":[\"https:\\\/\\\/www.chayfans.org\\\/blog\\\/2007\\\/07\\\/06\\\/vina-confirma-animadores-y-primer-contratado-chayanne\\\/\"]}]},{\"@type\":\"WebSite\",\"@id\":\"https:\\\/\\\/www.chayfans.org\\\/blog\\\/#website\",\"url\":\"https:\\\/\\\/www.chayfans.org\\\/blog\\\/\",\"name\":\"Chayanne News - Noticias de Chayanne\",\"description\":\"The Chayanne Fans Site - www.chayfans.org\",\"potentialAction\":[{\"@type\":\"SearchAction\",\"target\":{\"@type\":\"EntryPoint\",\"urlTemplate\":\"https:\\\/\\\/www.chayfans.org\\\/blog\\\/?s={search_term_string}\"},\"query-input\":{\"@type\":\"PropertyValueSpecification\",\"valueRequired\":true,\"valueName\":\"search_term_string\"}}],\"inLanguage\":\"en-US\"},{\"@type\":\"Person\",\"@id\":\"https:\\\/\\\/www.chayfans.org\\\/blog\\\/#\\\/schema\\\/person\\\/e61fe4a7cf201ac20dadf8780252257d\",\"name\":\"Melanie\",\"image\":{\"@type\":\"ImageObject\",\"inLanguage\":\"en-US\",\"@id\":\"https:\\\/\\\/secure.gravatar.com\\\/avatar\\\/c86cc2e5fbc78e2a2cc2e477ed6d50c4203542769f0f64cdcd206e7e59133d95?s=96&d=mm&r=g\",\"url\":\"https:\\\/\\\/secure.gravatar.com\\\/avatar\\\/c86cc2e5fbc78e2a2cc2e477ed6d50c4203542769f0f64cdcd206e7e59133d95?s=96&d=mm&r=g\",\"contentUrl\":\"https:\\\/\\\/secure.gravatar.com\\\/avatar\\\/c86cc2e5fbc78e2a2cc2e477ed6d50c4203542769f0f64cdcd206e7e59133d95?s=96&d=mm&r=g\",\"caption\":\"Melanie\"},\"description\":\"Melanie ha sido fan de Chayanne desde que escuch\u00f3 por primera vez \\\"Fiesta en Am\u00e9rica\\\" \u200b\u200ben 1988. Comenz\u00f3 el sitio web de Chayfans.org en 1998. Melanie has been a Chayanne fan since she first heard \\\"Fiesta en America\\\" in 1988. She started The Chayanne Fans web site in 1998.\",\"sameAs\":[\"http:\\\/\\\/www.chayfans.org\",\"http:\\\/\\\/www.facebook.com\\\/chayfans\",\"https:\\\/\\\/www.threads.net\\\/@chayfansorg\",\"https:\\\/\\\/x.com\\\/https:\\\/\\\/twitter.com\\\/ChayfansOrg\"],\"url\":\"https:\\\/\\\/www.chayfans.org\\\/blog\\\/author\\\/melanie\\\/\"}]}<\/script>\n<!-- \/ Yoast SEO plugin. -->","yoast_head_json":{"title":"Vi\u00f1a confirma animadores y primer contratado: Chayanne - Chayanne News - Noticias de Chayanne","robots":{"index":"index","follow":"follow","max-snippet":"max-snippet:-1","max-image-preview":"max-image-preview:large","max-video-preview":"max-video-preview:-1"},"canonical":"https:\/\/www.chayfans.org\/blog\/2007\/07\/06\/vina-confirma-animadores-y-primer-contratado-chayanne\/","og_locale":"en_US","og_type":"article","og_title":"Vi\u00f1a confirma animadores y primer contratado: Chayanne - Chayanne News - Noticias de Chayanne","og_description":"Despu\u00e9s de meses de conversaciones en que Sergio Lagos y Tonka Tomicic negociaron por separado su participaci\u00f3n el XLIX Festival Internacional de la Canci\u00f3n de Vi\u00f1a del Mar, el pr\u00f3ximo lunes la organizaci\u00f3n del certamen presentar\u00e1 oficialmente a la pareja anfitriona del certamen, esto luego que ambos llegaran a un acuerdo econ\u00f3mico (Tonka recibir\u00eda $ [&hellip;]","og_url":"https:\/\/www.chayfans.org\/blog\/2007\/07\/06\/vina-confirma-animadores-y-primer-contratado-chayanne\/","og_site_name":"Chayanne News - Noticias de Chayanne","article_publisher":"https:\/\/www.facebook.com\/chayfans","article_author":"http:\/\/www.facebook.com\/chayfans","article_published_time":"2007-07-06T13:30:50+00:00","article_modified_time":"2012-07-30T02:16:37+00:00","author":"Melanie","twitter_card":"summary_large_image","twitter_creator":"@https:\/\/twitter.com\/ChayfansOrg","twitter_site":"@chayfansorg","twitter_misc":{"Written by":"Melanie","Est. reading time":"1 minute"},"schema":{"@context":"https:\/\/schema.org","@graph":[{"@type":"Article","@id":"https:\/\/www.chayfans.org\/blog\/2007\/07\/06\/vina-confirma-animadores-y-primer-contratado-chayanne\/#article","isPartOf":{"@id":"https:\/\/www.chayfans.org\/blog\/2007\/07\/06\/vina-confirma-animadores-y-primer-contratado-chayanne\/"},"author":{"name":"Melanie","@id":"https:\/\/www.chayfans.org\/blog\/#\/schema\/person\/e61fe4a7cf201ac20dadf8780252257d"},"headline":"Vi\u00f1a confirma animadores y primer contratado: Chayanne","datePublished":"2007-07-06T13:30:50+00:00","dateModified":"2012-07-30T02:16:37+00:00","mainEntityOfPage":{"@id":"https:\/\/www.chayfans.org\/blog\/2007\/07\/06\/vina-confirma-animadores-y-primer-contratado-chayanne\/"},"wordCount":134,"commentCount":1,"articleSection":["Mi Tiempo"],"inLanguage":"en-US","potentialAction":[{"@type":"CommentAction","name":"Comment","target":["https:\/\/www.chayfans.org\/blog\/2007\/07\/06\/vina-confirma-animadores-y-primer-contratado-chayanne\/#respond"]}]},{"@type":"WebPage","@id":"https:\/\/www.chayfans.org\/blog\/2007\/07\/06\/vina-confirma-animadores-y-primer-contratado-chayanne\/","url":"https:\/\/www.chayfans.org\/blog\/2007\/07\/06\/vina-confirma-animadores-y-primer-contratado-chayanne\/","name":"Vi\u00f1a confirma animadores y primer contratado: Chayanne - Chayanne News - Noticias de Chayanne","isPartOf":{"@id":"https:\/\/www.chayfans.org\/blog\/#website"},"datePublished":"2007-07-06T13:30:50+00:00","dateModified":"2012-07-30T02:16:37+00:00","author":{"@id":"https:\/\/www.chayfans.org\/blog\/#\/schema\/person\/e61fe4a7cf201ac20dadf8780252257d"},"inLanguage":"en-US","potentialAction":[{"@type":"ReadAction","target":["https:\/\/www.chayfans.org\/blog\/2007\/07\/06\/vina-confirma-animadores-y-primer-contratado-chayanne\/"]}]},{"@type":"WebSite","@id":"https:\/\/www.chayfans.org\/blog\/#website","url":"https:\/\/www.chayfans.org\/blog\/","name":"Chayanne News - Noticias de Chayanne","description":"The Chayanne Fans Site - www.chayfans.org","potentialAction":[{"@type":"SearchAction","target":{"@type":"EntryPoint","urlTemplate":"https:\/\/www.chayfans.org\/blog\/?s={search_term_string}"},"query-input":{"@type":"PropertyValueSpecification","valueRequired":true,"valueName":"search_term_string"}}],"inLanguage":"en-US"},{"@type":"Person","@id":"https:\/\/www.chayfans.org\/blog\/#\/schema\/person\/e61fe4a7cf201ac20dadf8780252257d","name":"Melanie","image":{"@type":"ImageObject","inLanguage":"en-US","@id":"https:\/\/secure.gravatar.com\/avatar\/c86cc2e5fbc78e2a2cc2e477ed6d50c4203542769f0f64cdcd206e7e59133d95?s=96&d=mm&r=g","url":"https:\/\/secure.gravatar.com\/avatar\/c86cc2e5fbc78e2a2cc2e477ed6d50c4203542769f0f64cdcd206e7e59133d95?s=96&d=mm&r=g","contentUrl":"https:\/\/secure.gravatar.com\/avatar\/c86cc2e5fbc78e2a2cc2e477ed6d50c4203542769f0f64cdcd206e7e59133d95?s=96&d=mm&r=g","caption":"Melanie"},"description":"Melanie ha sido fan de Chayanne desde que escuch\u00f3 por primera vez \"Fiesta en Am\u00e9rica\" \u200b\u200ben 1988. Comenz\u00f3 el sitio web de Chayfans.org en 1998. Melanie has been a Chayanne fan since she first heard \"Fiesta en America\" in 1988. She started The Chayanne Fans web site in 1998.","sameAs":["http:\/\/www.chayfans.org","http:\/\/www.facebook.com\/chayfans","https:\/\/www.threads.net\/@chayfansorg","https:\/\/x.com\/https:\/\/twitter.com\/ChayfansOrg"],"url":"https:\/\/www.chayfans.org\/blog\/author\/melanie\/"}]}},"_links":{"self":[{"href":"https:\/\/www.chayfans.org\/blog\/wp-json\/wp\/v2\/posts\/150","targetHints":{"allow":["GET"]}}],"collection":[{"href":"https:\/\/www.chayfans.org\/blog\/wp-json\/wp\/v2\/posts"}],"about":[{"href":"https:\/\/www.chayfans.org\/blog\/wp-json\/wp\/v2\/types\/post"}],"author":[{"embeddable":true,"href":"https:\/\/www.chayfans.org\/blog\/wp-json\/wp\/v2\/users\/2"}],"replies":[{"embeddable":true,"href":"https:\/\/www.chayfans.org\/blog\/wp-json\/wp\/v2\/comments?post=150"}],"version-history":[{"count":0,"href":"https:\/\/www.chayfans.org\/blog\/wp-json\/wp\/v2\/posts\/150\/revisions"}],"wp:attachment":[{"href":"https:\/\/www.chayfans.org\/blog\/wp-json\/wp\/v2\/media?parent=150"}],"wp:term":[{"taxonomy":"category","embeddable":true,"href":"https:\/\/www.chayfans.org\/blog\/wp-json\/wp\/v2\/categories?post=150"},{"taxonomy":"post_tag","embeddable":true,"href":"https:\/\/www.chayfans.org\/blog\/wp-json\/wp\/v2\/tags?post=150"}],"curies":[{"name":"wp","href":"https:\/\/api.w.org\/{rel}","templated":true}]}}