{"id":139,"date":"2007-06-27T13:13:08","date_gmt":"2007-06-27T18:13:08","guid":{"rendered":"http:\/\/www.chayfans.org\/blog\/2007\/06\/27\/chayanne-pasa-por-madrid-para-presentar-su-gira-mi-tiempo\/"},"modified":"2007-06-27T13:13:08","modified_gmt":"2007-06-27T18:13:08","slug":"chayanne-pasa-por-madrid-para-presentar-su-gira-mi-tiempo","status":"publish","type":"post","link":"https:\/\/www.chayfans.org\/blog\/2007\/06\/27\/chayanne-pasa-por-madrid-para-presentar-su-gira-mi-tiempo\/","title":{"rendered":"Chayanne pasa por Madrid para presentar su gira &#8216;Mi tiempo&#8217;"},"content":{"rendered":"<p><img loading=\"lazy\" decoding=\"async\" border=\"0\" vspace=\"10\" align=\"left\" width=\"126\" src=\"http:\/\/actualidad.terra.es\/addon\/img\/feed\/actualidad\/20070627\/72169b3f06d30p.jpg\" hspace=\"10\" alt=\"El cantante puertorrique\u00f1o, Chayanne hoy durante la presentaci\u00f3n de su nueva gira Mi tiempo, que comenzar\u00e1 en nuestro pa\u00eds el pr\u00f3ximo mes de agosto. \" height=\"111\" onclick=\"javascript:abrir_img('\/addon\/img\/feed\/actualidad\/20070627\/72169b3f06d30g.jpg','El cantante puertorrique\u00f1o, Chayanne hoy durante la presentaci\u00f3n de su nueva gira Mi tiempo, que comenzar\u00e1 en nuestro pa\u00eds el pr\u00f3ximo mes de agosto. ','EFE\/',300,450)\" style=\"width: 126px; cursor: hand; height: 111px\" title=\"El cantante puertorrique\u00f1o, Chayanne hoy durante la presentaci\u00f3n de su nueva gira Mi tiempo, que comenzar\u00e1 en nuestro pa\u00eds el pr\u00f3ximo mes de agosto. \" \/>Chayanne present\u00f3 hoy en Madrid su gira &#8216;Mi tiempo&#8217;, un espect\u00e1culo que traer\u00e1 a Espa\u00f1a a partir de agosto y que confiesa que ser\u00e1 &#8216;muy latino y divertido&#8217;, con mucho baile y en el que interpretar\u00e1 los temas de su \u00faltimo \u00e1lbum, &#8216;Mi tiempo&#8217; (Sony BMG) adem\u00e1s de repasar grandes \u00e9xitos como &#8216;Salom\u00e9&#8217;.<\/p>\n<p>La gira comenzar\u00e1 el pr\u00f3ximo 10 de agosto en M\u00e1laga en el concierto MTV Summer, para despu\u00e9s pasar por, entre otras ciudades, Bilbao -18 de agosto-, Madrid -5 septiembre-, Valladolid -7 septiembre- para concluir en Barcelona el 10 de septiembre.\u00a0<\/p>\n<p><a target=\"_blank\" href=\"http:\/\/actualidad.terra.es\/cultura\/articulo\/chayanne_madrid_pasa_presentar_gira_1672829.htm\">More\/M\u00e1s<\/a><\/p>\n","protected":false},"excerpt":{"rendered":"<p>Chayanne present\u00f3 hoy en Madrid su gira &#8216;Mi tiempo&#8217;, un espect\u00e1culo que traer\u00e1 a Espa\u00f1a a partir de agosto y que confiesa que ser\u00e1 &#8216;muy latino y divertido&#8217;, con mucho baile y en el que interpretar\u00e1 los temas de su \u00faltimo \u00e1lbum, &#8216;Mi tiempo&#8217; (Sony BMG) adem\u00e1s de repasar grandes \u00e9xitos como &#8216;Salom\u00e9&#8217;. La gira [&hellip;]<\/p>\n","protected":false},"author":2,"featured_media":0,"comment_status":"open","ping_status":"open","sticky":false,"template":"","format":"standard","meta":{"footnotes":""},"categories":[3],"tags":[],"class_list":["post-139","post","type-post","status-publish","format-standard","hentry","category-mi-tiempo"],"yoast_head":"<!-- This site is optimized with the Yoast SEO plugin v27.4 - https:\/\/yoast.com\/product\/yoast-seo-wordpress\/ -->\n<title>Chayanne pasa por Madrid para presentar su gira &#039;Mi tiempo&#039; - Chayanne News - Noticias de Chayanne<\/title>\n<meta name=\"robots\" content=\"index, follow, max-snippet:-1, max-image-preview:large, max-video-preview:-1\" \/>\n<link rel=\"canonical\" href=\"https:\/\/www.chayfans.org\/blog\/2007\/06\/27\/chayanne-pasa-por-madrid-para-presentar-su-gira-mi-tiempo\/\" \/>\n<meta property=\"og:locale\" content=\"en_US\" \/>\n<meta property=\"og:type\" content=\"article\" \/>\n<meta property=\"og:title\" content=\"Chayanne pasa por Madrid para presentar su gira &#039;Mi tiempo&#039; - Chayanne News - Noticias de Chayanne\" \/>\n<meta property=\"og:description\" content=\"Chayanne present\u00f3 hoy en Madrid su gira &#8216;Mi tiempo&#8217;, un espect\u00e1culo que traer\u00e1 a Espa\u00f1a a partir de agosto y que confiesa que ser\u00e1 &#8216;muy latino y divertido&#8217;, con mucho baile y en el que interpretar\u00e1 los temas de su \u00faltimo \u00e1lbum, &#8216;Mi tiempo&#8217; (Sony BMG) adem\u00e1s de repasar grandes \u00e9xitos como &#8216;Salom\u00e9&#8217;. La gira [&hellip;]\" \/>\n<meta property=\"og:url\" content=\"https:\/\/www.chayfans.org\/blog\/2007\/06\/27\/chayanne-pasa-por-madrid-para-presentar-su-gira-mi-tiempo\/\" \/>\n<meta property=\"og:site_name\" content=\"Chayanne News - Noticias de Chayanne\" \/>\n<meta property=\"article:publisher\" content=\"https:\/\/www.facebook.com\/chayfans\" \/>\n<meta property=\"article:author\" content=\"http:\/\/www.facebook.com\/chayfans\" \/>\n<meta property=\"article:published_time\" content=\"2007-06-27T18:13:08+00:00\" \/>\n<meta property=\"og:image\" content=\"http:\/\/actualidad.terra.es\/addon\/img\/feed\/actualidad\/20070627\/72169b3f06d30p.jpg\" \/>\n<meta name=\"author\" content=\"Melanie\" \/>\n<meta name=\"twitter:card\" content=\"summary_large_image\" \/>\n<meta name=\"twitter:creator\" content=\"@https:\/\/twitter.com\/ChayfansOrg\" \/>\n<meta name=\"twitter:site\" content=\"@chayfansorg\" \/>\n<meta name=\"twitter:label1\" content=\"Written by\" \/>\n\t<meta name=\"twitter:data1\" content=\"Melanie\" \/>\n\t<meta name=\"twitter:label2\" content=\"Est. reading time\" \/>\n\t<meta name=\"twitter:data2\" content=\"1 minute\" \/>\n<script type=\"application\/ld+json\" class=\"yoast-schema-graph\">{\"@context\":\"https:\\\/\\\/schema.org\",\"@graph\":[{\"@type\":\"Article\",\"@id\":\"https:\\\/\\\/www.chayfans.org\\\/blog\\\/2007\\\/06\\\/27\\\/chayanne-pasa-por-madrid-para-presentar-su-gira-mi-tiempo\\\/#article\",\"isPartOf\":{\"@id\":\"https:\\\/\\\/www.chayfans.org\\\/blog\\\/2007\\\/06\\\/27\\\/chayanne-pasa-por-madrid-para-presentar-su-gira-mi-tiempo\\\/\"},\"author\":{\"name\":\"Melanie\",\"@id\":\"https:\\\/\\\/www.chayfans.org\\\/blog\\\/#\\\/schema\\\/person\\\/e61fe4a7cf201ac20dadf8780252257d\"},\"headline\":\"Chayanne pasa por Madrid para presentar su gira &#8216;Mi tiempo&#8217;\",\"datePublished\":\"2007-06-27T18:13:08+00:00\",\"mainEntityOfPage\":{\"@id\":\"https:\\\/\\\/www.chayfans.org\\\/blog\\\/2007\\\/06\\\/27\\\/chayanne-pasa-por-madrid-para-presentar-su-gira-mi-tiempo\\\/\"},\"wordCount\":110,\"commentCount\":0,\"image\":{\"@id\":\"https:\\\/\\\/www.chayfans.org\\\/blog\\\/2007\\\/06\\\/27\\\/chayanne-pasa-por-madrid-para-presentar-su-gira-mi-tiempo\\\/#primaryimage\"},\"thumbnailUrl\":\"http:\\\/\\\/actualidad.terra.es\\\/addon\\\/img\\\/feed\\\/actualidad\\\/20070627\\\/72169b3f06d30p.jpg\",\"articleSection\":[\"Mi Tiempo\"],\"inLanguage\":\"en-US\",\"potentialAction\":[{\"@type\":\"CommentAction\",\"name\":\"Comment\",\"target\":[\"https:\\\/\\\/www.chayfans.org\\\/blog\\\/2007\\\/06\\\/27\\\/chayanne-pasa-por-madrid-para-presentar-su-gira-mi-tiempo\\\/#respond\"]}]},{\"@type\":\"WebPage\",\"@id\":\"https:\\\/\\\/www.chayfans.org\\\/blog\\\/2007\\\/06\\\/27\\\/chayanne-pasa-por-madrid-para-presentar-su-gira-mi-tiempo\\\/\",\"url\":\"https:\\\/\\\/www.chayfans.org\\\/blog\\\/2007\\\/06\\\/27\\\/chayanne-pasa-por-madrid-para-presentar-su-gira-mi-tiempo\\\/\",\"name\":\"Chayanne pasa por Madrid para presentar su gira 'Mi tiempo' - Chayanne News - Noticias de Chayanne\",\"isPartOf\":{\"@id\":\"https:\\\/\\\/www.chayfans.org\\\/blog\\\/#website\"},\"primaryImageOfPage\":{\"@id\":\"https:\\\/\\\/www.chayfans.org\\\/blog\\\/2007\\\/06\\\/27\\\/chayanne-pasa-por-madrid-para-presentar-su-gira-mi-tiempo\\\/#primaryimage\"},\"image\":{\"@id\":\"https:\\\/\\\/www.chayfans.org\\\/blog\\\/2007\\\/06\\\/27\\\/chayanne-pasa-por-madrid-para-presentar-su-gira-mi-tiempo\\\/#primaryimage\"},\"thumbnailUrl\":\"http:\\\/\\\/actualidad.terra.es\\\/addon\\\/img\\\/feed\\\/actualidad\\\/20070627\\\/72169b3f06d30p.jpg\",\"datePublished\":\"2007-06-27T18:13:08+00:00\",\"author\":{\"@id\":\"https:\\\/\\\/www.chayfans.org\\\/blog\\\/#\\\/schema\\\/person\\\/e61fe4a7cf201ac20dadf8780252257d\"},\"inLanguage\":\"en-US\",\"potentialAction\":[{\"@type\":\"ReadAction\",\"target\":[\"https:\\\/\\\/www.chayfans.org\\\/blog\\\/2007\\\/06\\\/27\\\/chayanne-pasa-por-madrid-para-presentar-su-gira-mi-tiempo\\\/\"]}]},{\"@type\":\"ImageObject\",\"inLanguage\":\"en-US\",\"@id\":\"https:\\\/\\\/www.chayfans.org\\\/blog\\\/2007\\\/06\\\/27\\\/chayanne-pasa-por-madrid-para-presentar-su-gira-mi-tiempo\\\/#primaryimage\",\"url\":\"http:\\\/\\\/actualidad.terra.es\\\/addon\\\/img\\\/feed\\\/actualidad\\\/20070627\\\/72169b3f06d30p.jpg\",\"contentUrl\":\"http:\\\/\\\/actualidad.terra.es\\\/addon\\\/img\\\/feed\\\/actualidad\\\/20070627\\\/72169b3f06d30p.jpg\"},{\"@type\":\"WebSite\",\"@id\":\"https:\\\/\\\/www.chayfans.org\\\/blog\\\/#website\",\"url\":\"https:\\\/\\\/www.chayfans.org\\\/blog\\\/\",\"name\":\"Chayanne News - Noticias de Chayanne\",\"description\":\"The Chayanne Fans Site - www.chayfans.org\",\"potentialAction\":[{\"@type\":\"SearchAction\",\"target\":{\"@type\":\"EntryPoint\",\"urlTemplate\":\"https:\\\/\\\/www.chayfans.org\\\/blog\\\/?s={search_term_string}\"},\"query-input\":{\"@type\":\"PropertyValueSpecification\",\"valueRequired\":true,\"valueName\":\"search_term_string\"}}],\"inLanguage\":\"en-US\"},{\"@type\":\"Person\",\"@id\":\"https:\\\/\\\/www.chayfans.org\\\/blog\\\/#\\\/schema\\\/person\\\/e61fe4a7cf201ac20dadf8780252257d\",\"name\":\"Melanie\",\"image\":{\"@type\":\"ImageObject\",\"inLanguage\":\"en-US\",\"@id\":\"https:\\\/\\\/secure.gravatar.com\\\/avatar\\\/c86cc2e5fbc78e2a2cc2e477ed6d50c4203542769f0f64cdcd206e7e59133d95?s=96&d=mm&r=g\",\"url\":\"https:\\\/\\\/secure.gravatar.com\\\/avatar\\\/c86cc2e5fbc78e2a2cc2e477ed6d50c4203542769f0f64cdcd206e7e59133d95?s=96&d=mm&r=g\",\"contentUrl\":\"https:\\\/\\\/secure.gravatar.com\\\/avatar\\\/c86cc2e5fbc78e2a2cc2e477ed6d50c4203542769f0f64cdcd206e7e59133d95?s=96&d=mm&r=g\",\"caption\":\"Melanie\"},\"description\":\"Melanie ha sido fan de Chayanne desde que escuch\u00f3 por primera vez \\\"Fiesta en Am\u00e9rica\\\" \u200b\u200ben 1988. Comenz\u00f3 el sitio web de Chayfans.org en 1998. Melanie has been a Chayanne fan since she first heard \\\"Fiesta en America\\\" in 1988. She started The Chayanne Fans web site in 1998.\",\"sameAs\":[\"http:\\\/\\\/www.chayfans.org\",\"http:\\\/\\\/www.facebook.com\\\/chayfans\",\"https:\\\/\\\/www.threads.net\\\/@chayfansorg\",\"https:\\\/\\\/x.com\\\/https:\\\/\\\/twitter.com\\\/ChayfansOrg\"],\"url\":\"https:\\\/\\\/www.chayfans.org\\\/blog\\\/author\\\/melanie\\\/\"}]}<\/script>\n<!-- \/ Yoast SEO plugin. -->","yoast_head_json":{"title":"Chayanne pasa por Madrid para presentar su gira 'Mi tiempo' - Chayanne News - Noticias de Chayanne","robots":{"index":"index","follow":"follow","max-snippet":"max-snippet:-1","max-image-preview":"max-image-preview:large","max-video-preview":"max-video-preview:-1"},"canonical":"https:\/\/www.chayfans.org\/blog\/2007\/06\/27\/chayanne-pasa-por-madrid-para-presentar-su-gira-mi-tiempo\/","og_locale":"en_US","og_type":"article","og_title":"Chayanne pasa por Madrid para presentar su gira 'Mi tiempo' - Chayanne News - Noticias de Chayanne","og_description":"Chayanne present\u00f3 hoy en Madrid su gira &#8216;Mi tiempo&#8217;, un espect\u00e1culo que traer\u00e1 a Espa\u00f1a a partir de agosto y que confiesa que ser\u00e1 &#8216;muy latino y divertido&#8217;, con mucho baile y en el que interpretar\u00e1 los temas de su \u00faltimo \u00e1lbum, &#8216;Mi tiempo&#8217; (Sony BMG) adem\u00e1s de repasar grandes \u00e9xitos como &#8216;Salom\u00e9&#8217;. La gira [&hellip;]","og_url":"https:\/\/www.chayfans.org\/blog\/2007\/06\/27\/chayanne-pasa-por-madrid-para-presentar-su-gira-mi-tiempo\/","og_site_name":"Chayanne News - Noticias de Chayanne","article_publisher":"https:\/\/www.facebook.com\/chayfans","article_author":"http:\/\/www.facebook.com\/chayfans","article_published_time":"2007-06-27T18:13:08+00:00","og_image":[{"url":"http:\/\/actualidad.terra.es\/addon\/img\/feed\/actualidad\/20070627\/72169b3f06d30p.jpg","type":"","width":"","height":""}],"author":"Melanie","twitter_card":"summary_large_image","twitter_creator":"@https:\/\/twitter.com\/ChayfansOrg","twitter_site":"@chayfansorg","twitter_misc":{"Written by":"Melanie","Est. reading time":"1 minute"},"schema":{"@context":"https:\/\/schema.org","@graph":[{"@type":"Article","@id":"https:\/\/www.chayfans.org\/blog\/2007\/06\/27\/chayanne-pasa-por-madrid-para-presentar-su-gira-mi-tiempo\/#article","isPartOf":{"@id":"https:\/\/www.chayfans.org\/blog\/2007\/06\/27\/chayanne-pasa-por-madrid-para-presentar-su-gira-mi-tiempo\/"},"author":{"name":"Melanie","@id":"https:\/\/www.chayfans.org\/blog\/#\/schema\/person\/e61fe4a7cf201ac20dadf8780252257d"},"headline":"Chayanne pasa por Madrid para presentar su gira &#8216;Mi tiempo&#8217;","datePublished":"2007-06-27T18:13:08+00:00","mainEntityOfPage":{"@id":"https:\/\/www.chayfans.org\/blog\/2007\/06\/27\/chayanne-pasa-por-madrid-para-presentar-su-gira-mi-tiempo\/"},"wordCount":110,"commentCount":0,"image":{"@id":"https:\/\/www.chayfans.org\/blog\/2007\/06\/27\/chayanne-pasa-por-madrid-para-presentar-su-gira-mi-tiempo\/#primaryimage"},"thumbnailUrl":"http:\/\/actualidad.terra.es\/addon\/img\/feed\/actualidad\/20070627\/72169b3f06d30p.jpg","articleSection":["Mi Tiempo"],"inLanguage":"en-US","potentialAction":[{"@type":"CommentAction","name":"Comment","target":["https:\/\/www.chayfans.org\/blog\/2007\/06\/27\/chayanne-pasa-por-madrid-para-presentar-su-gira-mi-tiempo\/#respond"]}]},{"@type":"WebPage","@id":"https:\/\/www.chayfans.org\/blog\/2007\/06\/27\/chayanne-pasa-por-madrid-para-presentar-su-gira-mi-tiempo\/","url":"https:\/\/www.chayfans.org\/blog\/2007\/06\/27\/chayanne-pasa-por-madrid-para-presentar-su-gira-mi-tiempo\/","name":"Chayanne pasa por Madrid para presentar su gira 'Mi tiempo' - Chayanne News - Noticias de Chayanne","isPartOf":{"@id":"https:\/\/www.chayfans.org\/blog\/#website"},"primaryImageOfPage":{"@id":"https:\/\/www.chayfans.org\/blog\/2007\/06\/27\/chayanne-pasa-por-madrid-para-presentar-su-gira-mi-tiempo\/#primaryimage"},"image":{"@id":"https:\/\/www.chayfans.org\/blog\/2007\/06\/27\/chayanne-pasa-por-madrid-para-presentar-su-gira-mi-tiempo\/#primaryimage"},"thumbnailUrl":"http:\/\/actualidad.terra.es\/addon\/img\/feed\/actualidad\/20070627\/72169b3f06d30p.jpg","datePublished":"2007-06-27T18:13:08+00:00","author":{"@id":"https:\/\/www.chayfans.org\/blog\/#\/schema\/person\/e61fe4a7cf201ac20dadf8780252257d"},"inLanguage":"en-US","potentialAction":[{"@type":"ReadAction","target":["https:\/\/www.chayfans.org\/blog\/2007\/06\/27\/chayanne-pasa-por-madrid-para-presentar-su-gira-mi-tiempo\/"]}]},{"@type":"ImageObject","inLanguage":"en-US","@id":"https:\/\/www.chayfans.org\/blog\/2007\/06\/27\/chayanne-pasa-por-madrid-para-presentar-su-gira-mi-tiempo\/#primaryimage","url":"http:\/\/actualidad.terra.es\/addon\/img\/feed\/actualidad\/20070627\/72169b3f06d30p.jpg","contentUrl":"http:\/\/actualidad.terra.es\/addon\/img\/feed\/actualidad\/20070627\/72169b3f06d30p.jpg"},{"@type":"WebSite","@id":"https:\/\/www.chayfans.org\/blog\/#website","url":"https:\/\/www.chayfans.org\/blog\/","name":"Chayanne News - Noticias de Chayanne","description":"The Chayanne Fans Site - www.chayfans.org","potentialAction":[{"@type":"SearchAction","target":{"@type":"EntryPoint","urlTemplate":"https:\/\/www.chayfans.org\/blog\/?s={search_term_string}"},"query-input":{"@type":"PropertyValueSpecification","valueRequired":true,"valueName":"search_term_string"}}],"inLanguage":"en-US"},{"@type":"Person","@id":"https:\/\/www.chayfans.org\/blog\/#\/schema\/person\/e61fe4a7cf201ac20dadf8780252257d","name":"Melanie","image":{"@type":"ImageObject","inLanguage":"en-US","@id":"https:\/\/secure.gravatar.com\/avatar\/c86cc2e5fbc78e2a2cc2e477ed6d50c4203542769f0f64cdcd206e7e59133d95?s=96&d=mm&r=g","url":"https:\/\/secure.gravatar.com\/avatar\/c86cc2e5fbc78e2a2cc2e477ed6d50c4203542769f0f64cdcd206e7e59133d95?s=96&d=mm&r=g","contentUrl":"https:\/\/secure.gravatar.com\/avatar\/c86cc2e5fbc78e2a2cc2e477ed6d50c4203542769f0f64cdcd206e7e59133d95?s=96&d=mm&r=g","caption":"Melanie"},"description":"Melanie ha sido fan de Chayanne desde que escuch\u00f3 por primera vez \"Fiesta en Am\u00e9rica\" \u200b\u200ben 1988. Comenz\u00f3 el sitio web de Chayfans.org en 1998. Melanie has been a Chayanne fan since she first heard \"Fiesta en America\" in 1988. She started The Chayanne Fans web site in 1998.","sameAs":["http:\/\/www.chayfans.org","http:\/\/www.facebook.com\/chayfans","https:\/\/www.threads.net\/@chayfansorg","https:\/\/x.com\/https:\/\/twitter.com\/ChayfansOrg"],"url":"https:\/\/www.chayfans.org\/blog\/author\/melanie\/"}]}},"_links":{"self":[{"href":"https:\/\/www.chayfans.org\/blog\/wp-json\/wp\/v2\/posts\/139","targetHints":{"allow":["GET"]}}],"collection":[{"href":"https:\/\/www.chayfans.org\/blog\/wp-json\/wp\/v2\/posts"}],"about":[{"href":"https:\/\/www.chayfans.org\/blog\/wp-json\/wp\/v2\/types\/post"}],"author":[{"embeddable":true,"href":"https:\/\/www.chayfans.org\/blog\/wp-json\/wp\/v2\/users\/2"}],"replies":[{"embeddable":true,"href":"https:\/\/www.chayfans.org\/blog\/wp-json\/wp\/v2\/comments?post=139"}],"version-history":[{"count":0,"href":"https:\/\/www.chayfans.org\/blog\/wp-json\/wp\/v2\/posts\/139\/revisions"}],"wp:attachment":[{"href":"https:\/\/www.chayfans.org\/blog\/wp-json\/wp\/v2\/media?parent=139"}],"wp:term":[{"taxonomy":"category","embeddable":true,"href":"https:\/\/www.chayfans.org\/blog\/wp-json\/wp\/v2\/categories?post=139"},{"taxonomy":"post_tag","embeddable":true,"href":"https:\/\/www.chayfans.org\/blog\/wp-json\/wp\/v2\/tags?post=139"}],"curies":[{"name":"wp","href":"https:\/\/api.w.org\/{rel}","templated":true}]}}