{"id":136,"date":"2007-06-27T13:05:57","date_gmt":"2007-06-27T18:05:57","guid":{"rendered":"http:\/\/www.chayfans.org\/blog\/2007\/06\/27\/llega-a-espana-el-huracan-chayanne\/"},"modified":"2007-06-27T13:05:57","modified_gmt":"2007-06-27T18:05:57","slug":"llega-a-espana-el-huracan-chayanne","status":"publish","type":"post","link":"https:\/\/www.chayfans.org\/blog\/2007\/06\/27\/llega-a-espana-el-huracan-chayanne\/","title":{"rendered":"Llega a Espa\u00f1a el hurac\u00e1n Chayanne"},"content":{"rendered":"<p class=\"p\">Tras derrochar energ\u00eda por los escenarios americanos, en donde ha paseado con un gran \u00e9xito su \u00faltimo \u00e1lbum, \u00abMi tiempo\u00bb, Chayanne se encuentra en nuestro pa\u00eds para presentar su gira espa\u00f1ola, que comenzar\u00e1 el 10 de agosto en M\u00e1laga, en el concierto MTV Summer, y concluir\u00e1 en Barcelona el 8 de septiembre.<\/p>\n<p class=\"p\">A pesar de que en su \u00faltimo \u00e1lbum -vig\u00e9simo de su carrera-, Chayanne muestra su lado m\u00e1s rom\u00e1ntico y sosegado -seis de los once temas son baladas, preciosa la titulada \u00abTengo miedo\u00bb-, el cantante confirma que el espect\u00e1culo, \u00abmuy latino y divertido\u00bb, con el que recorrer\u00e1 18 ciudades espa\u00f1olas, \u00abno va ser en absoluto calmado\u00bb, puesto que \u00abla gente lo que quiere en verano es ir a conciertos en los que se puedan bailar las canciones\u00bb.<\/p>\n<p><a target=\"_blank\" href=\"http:\/\/www.abc.es\/20070627\/gente-gente\/llega-espana-huracan-chayanne_200706270245.html\">More\/M\u00e1s<\/a><\/p>\n","protected":false},"excerpt":{"rendered":"<p>Tras derrochar energ\u00eda por los escenarios americanos, en donde ha paseado con un gran \u00e9xito su \u00faltimo \u00e1lbum, \u00abMi tiempo\u00bb, Chayanne se encuentra en nuestro pa\u00eds para presentar su gira espa\u00f1ola, que comenzar\u00e1 el 10 de agosto en M\u00e1laga, en el concierto MTV Summer, y concluir\u00e1 en Barcelona el 8 de septiembre. A pesar de [&hellip;]<\/p>\n","protected":false},"author":2,"featured_media":0,"comment_status":"open","ping_status":"open","sticky":false,"template":"","format":"standard","meta":{"footnotes":""},"categories":[3],"tags":[],"class_list":["post-136","post","type-post","status-publish","format-standard","hentry","category-mi-tiempo"],"yoast_head":"<!-- This site is optimized with the Yoast SEO plugin v27.4 - https:\/\/yoast.com\/product\/yoast-seo-wordpress\/ -->\n<title>Llega a Espa\u00f1a el hurac\u00e1n Chayanne - Chayanne News - Noticias de Chayanne<\/title>\n<meta name=\"robots\" content=\"index, follow, max-snippet:-1, max-image-preview:large, max-video-preview:-1\" \/>\n<link rel=\"canonical\" href=\"https:\/\/www.chayfans.org\/blog\/2007\/06\/27\/llega-a-espana-el-huracan-chayanne\/\" \/>\n<meta property=\"og:locale\" content=\"en_US\" \/>\n<meta property=\"og:type\" content=\"article\" \/>\n<meta property=\"og:title\" content=\"Llega a Espa\u00f1a el hurac\u00e1n Chayanne - Chayanne News - Noticias de Chayanne\" \/>\n<meta property=\"og:description\" content=\"Tras derrochar energ\u00eda por los escenarios americanos, en donde ha paseado con un gran \u00e9xito su \u00faltimo \u00e1lbum, \u00abMi tiempo\u00bb, Chayanne se encuentra en nuestro pa\u00eds para presentar su gira espa\u00f1ola, que comenzar\u00e1 el 10 de agosto en M\u00e1laga, en el concierto MTV Summer, y concluir\u00e1 en Barcelona el 8 de septiembre. A pesar de [&hellip;]\" \/>\n<meta property=\"og:url\" content=\"https:\/\/www.chayfans.org\/blog\/2007\/06\/27\/llega-a-espana-el-huracan-chayanne\/\" \/>\n<meta property=\"og:site_name\" content=\"Chayanne News - Noticias de Chayanne\" \/>\n<meta property=\"article:publisher\" content=\"https:\/\/www.facebook.com\/chayfans\" \/>\n<meta property=\"article:author\" content=\"http:\/\/www.facebook.com\/chayfans\" \/>\n<meta property=\"article:published_time\" content=\"2007-06-27T18:05:57+00:00\" \/>\n<meta name=\"author\" content=\"Melanie\" \/>\n<meta name=\"twitter:card\" content=\"summary_large_image\" \/>\n<meta name=\"twitter:creator\" content=\"@https:\/\/twitter.com\/ChayfansOrg\" \/>\n<meta name=\"twitter:site\" content=\"@chayfansorg\" \/>\n<meta name=\"twitter:label1\" content=\"Written by\" \/>\n\t<meta name=\"twitter:data1\" content=\"Melanie\" \/>\n\t<meta name=\"twitter:label2\" content=\"Est. reading time\" \/>\n\t<meta name=\"twitter:data2\" content=\"1 minute\" \/>\n<script type=\"application\/ld+json\" class=\"yoast-schema-graph\">{\"@context\":\"https:\\\/\\\/schema.org\",\"@graph\":[{\"@type\":\"Article\",\"@id\":\"https:\\\/\\\/www.chayfans.org\\\/blog\\\/2007\\\/06\\\/27\\\/llega-a-espana-el-huracan-chayanne\\\/#article\",\"isPartOf\":{\"@id\":\"https:\\\/\\\/www.chayfans.org\\\/blog\\\/2007\\\/06\\\/27\\\/llega-a-espana-el-huracan-chayanne\\\/\"},\"author\":{\"name\":\"Melanie\",\"@id\":\"https:\\\/\\\/www.chayfans.org\\\/blog\\\/#\\\/schema\\\/person\\\/e61fe4a7cf201ac20dadf8780252257d\"},\"headline\":\"Llega a Espa\u00f1a el hurac\u00e1n Chayanne\",\"datePublished\":\"2007-06-27T18:05:57+00:00\",\"mainEntityOfPage\":{\"@id\":\"https:\\\/\\\/www.chayfans.org\\\/blog\\\/2007\\\/06\\\/27\\\/llega-a-espana-el-huracan-chayanne\\\/\"},\"wordCount\":146,\"commentCount\":0,\"articleSection\":[\"Mi Tiempo\"],\"inLanguage\":\"en-US\",\"potentialAction\":[{\"@type\":\"CommentAction\",\"name\":\"Comment\",\"target\":[\"https:\\\/\\\/www.chayfans.org\\\/blog\\\/2007\\\/06\\\/27\\\/llega-a-espana-el-huracan-chayanne\\\/#respond\"]}]},{\"@type\":\"WebPage\",\"@id\":\"https:\\\/\\\/www.chayfans.org\\\/blog\\\/2007\\\/06\\\/27\\\/llega-a-espana-el-huracan-chayanne\\\/\",\"url\":\"https:\\\/\\\/www.chayfans.org\\\/blog\\\/2007\\\/06\\\/27\\\/llega-a-espana-el-huracan-chayanne\\\/\",\"name\":\"Llega a Espa\u00f1a el hurac\u00e1n Chayanne - Chayanne News - Noticias de Chayanne\",\"isPartOf\":{\"@id\":\"https:\\\/\\\/www.chayfans.org\\\/blog\\\/#website\"},\"datePublished\":\"2007-06-27T18:05:57+00:00\",\"author\":{\"@id\":\"https:\\\/\\\/www.chayfans.org\\\/blog\\\/#\\\/schema\\\/person\\\/e61fe4a7cf201ac20dadf8780252257d\"},\"inLanguage\":\"en-US\",\"potentialAction\":[{\"@type\":\"ReadAction\",\"target\":[\"https:\\\/\\\/www.chayfans.org\\\/blog\\\/2007\\\/06\\\/27\\\/llega-a-espana-el-huracan-chayanne\\\/\"]}]},{\"@type\":\"WebSite\",\"@id\":\"https:\\\/\\\/www.chayfans.org\\\/blog\\\/#website\",\"url\":\"https:\\\/\\\/www.chayfans.org\\\/blog\\\/\",\"name\":\"Chayanne News - Noticias de Chayanne\",\"description\":\"The Chayanne Fans Site - www.chayfans.org\",\"potentialAction\":[{\"@type\":\"SearchAction\",\"target\":{\"@type\":\"EntryPoint\",\"urlTemplate\":\"https:\\\/\\\/www.chayfans.org\\\/blog\\\/?s={search_term_string}\"},\"query-input\":{\"@type\":\"PropertyValueSpecification\",\"valueRequired\":true,\"valueName\":\"search_term_string\"}}],\"inLanguage\":\"en-US\"},{\"@type\":\"Person\",\"@id\":\"https:\\\/\\\/www.chayfans.org\\\/blog\\\/#\\\/schema\\\/person\\\/e61fe4a7cf201ac20dadf8780252257d\",\"name\":\"Melanie\",\"image\":{\"@type\":\"ImageObject\",\"inLanguage\":\"en-US\",\"@id\":\"https:\\\/\\\/secure.gravatar.com\\\/avatar\\\/c86cc2e5fbc78e2a2cc2e477ed6d50c4203542769f0f64cdcd206e7e59133d95?s=96&d=mm&r=g\",\"url\":\"https:\\\/\\\/secure.gravatar.com\\\/avatar\\\/c86cc2e5fbc78e2a2cc2e477ed6d50c4203542769f0f64cdcd206e7e59133d95?s=96&d=mm&r=g\",\"contentUrl\":\"https:\\\/\\\/secure.gravatar.com\\\/avatar\\\/c86cc2e5fbc78e2a2cc2e477ed6d50c4203542769f0f64cdcd206e7e59133d95?s=96&d=mm&r=g\",\"caption\":\"Melanie\"},\"description\":\"Melanie ha sido fan de Chayanne desde que escuch\u00f3 por primera vez \\\"Fiesta en Am\u00e9rica\\\" \u200b\u200ben 1988. Comenz\u00f3 el sitio web de Chayfans.org en 1998. Melanie has been a Chayanne fan since she first heard \\\"Fiesta en America\\\" in 1988. She started The Chayanne Fans web site in 1998.\",\"sameAs\":[\"http:\\\/\\\/www.chayfans.org\",\"http:\\\/\\\/www.facebook.com\\\/chayfans\",\"https:\\\/\\\/www.threads.net\\\/@chayfansorg\",\"https:\\\/\\\/x.com\\\/https:\\\/\\\/twitter.com\\\/ChayfansOrg\"],\"url\":\"https:\\\/\\\/www.chayfans.org\\\/blog\\\/author\\\/melanie\\\/\"}]}<\/script>\n<!-- \/ Yoast SEO plugin. -->","yoast_head_json":{"title":"Llega a Espa\u00f1a el hurac\u00e1n Chayanne - Chayanne News - Noticias de Chayanne","robots":{"index":"index","follow":"follow","max-snippet":"max-snippet:-1","max-image-preview":"max-image-preview:large","max-video-preview":"max-video-preview:-1"},"canonical":"https:\/\/www.chayfans.org\/blog\/2007\/06\/27\/llega-a-espana-el-huracan-chayanne\/","og_locale":"en_US","og_type":"article","og_title":"Llega a Espa\u00f1a el hurac\u00e1n Chayanne - Chayanne News - Noticias de Chayanne","og_description":"Tras derrochar energ\u00eda por los escenarios americanos, en donde ha paseado con un gran \u00e9xito su \u00faltimo \u00e1lbum, \u00abMi tiempo\u00bb, Chayanne se encuentra en nuestro pa\u00eds para presentar su gira espa\u00f1ola, que comenzar\u00e1 el 10 de agosto en M\u00e1laga, en el concierto MTV Summer, y concluir\u00e1 en Barcelona el 8 de septiembre. A pesar de [&hellip;]","og_url":"https:\/\/www.chayfans.org\/blog\/2007\/06\/27\/llega-a-espana-el-huracan-chayanne\/","og_site_name":"Chayanne News - Noticias de Chayanne","article_publisher":"https:\/\/www.facebook.com\/chayfans","article_author":"http:\/\/www.facebook.com\/chayfans","article_published_time":"2007-06-27T18:05:57+00:00","author":"Melanie","twitter_card":"summary_large_image","twitter_creator":"@https:\/\/twitter.com\/ChayfansOrg","twitter_site":"@chayfansorg","twitter_misc":{"Written by":"Melanie","Est. reading time":"1 minute"},"schema":{"@context":"https:\/\/schema.org","@graph":[{"@type":"Article","@id":"https:\/\/www.chayfans.org\/blog\/2007\/06\/27\/llega-a-espana-el-huracan-chayanne\/#article","isPartOf":{"@id":"https:\/\/www.chayfans.org\/blog\/2007\/06\/27\/llega-a-espana-el-huracan-chayanne\/"},"author":{"name":"Melanie","@id":"https:\/\/www.chayfans.org\/blog\/#\/schema\/person\/e61fe4a7cf201ac20dadf8780252257d"},"headline":"Llega a Espa\u00f1a el hurac\u00e1n Chayanne","datePublished":"2007-06-27T18:05:57+00:00","mainEntityOfPage":{"@id":"https:\/\/www.chayfans.org\/blog\/2007\/06\/27\/llega-a-espana-el-huracan-chayanne\/"},"wordCount":146,"commentCount":0,"articleSection":["Mi Tiempo"],"inLanguage":"en-US","potentialAction":[{"@type":"CommentAction","name":"Comment","target":["https:\/\/www.chayfans.org\/blog\/2007\/06\/27\/llega-a-espana-el-huracan-chayanne\/#respond"]}]},{"@type":"WebPage","@id":"https:\/\/www.chayfans.org\/blog\/2007\/06\/27\/llega-a-espana-el-huracan-chayanne\/","url":"https:\/\/www.chayfans.org\/blog\/2007\/06\/27\/llega-a-espana-el-huracan-chayanne\/","name":"Llega a Espa\u00f1a el hurac\u00e1n Chayanne - Chayanne News - Noticias de Chayanne","isPartOf":{"@id":"https:\/\/www.chayfans.org\/blog\/#website"},"datePublished":"2007-06-27T18:05:57+00:00","author":{"@id":"https:\/\/www.chayfans.org\/blog\/#\/schema\/person\/e61fe4a7cf201ac20dadf8780252257d"},"inLanguage":"en-US","potentialAction":[{"@type":"ReadAction","target":["https:\/\/www.chayfans.org\/blog\/2007\/06\/27\/llega-a-espana-el-huracan-chayanne\/"]}]},{"@type":"WebSite","@id":"https:\/\/www.chayfans.org\/blog\/#website","url":"https:\/\/www.chayfans.org\/blog\/","name":"Chayanne News - Noticias de Chayanne","description":"The Chayanne Fans Site - www.chayfans.org","potentialAction":[{"@type":"SearchAction","target":{"@type":"EntryPoint","urlTemplate":"https:\/\/www.chayfans.org\/blog\/?s={search_term_string}"},"query-input":{"@type":"PropertyValueSpecification","valueRequired":true,"valueName":"search_term_string"}}],"inLanguage":"en-US"},{"@type":"Person","@id":"https:\/\/www.chayfans.org\/blog\/#\/schema\/person\/e61fe4a7cf201ac20dadf8780252257d","name":"Melanie","image":{"@type":"ImageObject","inLanguage":"en-US","@id":"https:\/\/secure.gravatar.com\/avatar\/c86cc2e5fbc78e2a2cc2e477ed6d50c4203542769f0f64cdcd206e7e59133d95?s=96&d=mm&r=g","url":"https:\/\/secure.gravatar.com\/avatar\/c86cc2e5fbc78e2a2cc2e477ed6d50c4203542769f0f64cdcd206e7e59133d95?s=96&d=mm&r=g","contentUrl":"https:\/\/secure.gravatar.com\/avatar\/c86cc2e5fbc78e2a2cc2e477ed6d50c4203542769f0f64cdcd206e7e59133d95?s=96&d=mm&r=g","caption":"Melanie"},"description":"Melanie ha sido fan de Chayanne desde que escuch\u00f3 por primera vez \"Fiesta en Am\u00e9rica\" \u200b\u200ben 1988. Comenz\u00f3 el sitio web de Chayfans.org en 1998. Melanie has been a Chayanne fan since she first heard \"Fiesta en America\" in 1988. She started The Chayanne Fans web site in 1998.","sameAs":["http:\/\/www.chayfans.org","http:\/\/www.facebook.com\/chayfans","https:\/\/www.threads.net\/@chayfansorg","https:\/\/x.com\/https:\/\/twitter.com\/ChayfansOrg"],"url":"https:\/\/www.chayfans.org\/blog\/author\/melanie\/"}]}},"_links":{"self":[{"href":"https:\/\/www.chayfans.org\/blog\/wp-json\/wp\/v2\/posts\/136","targetHints":{"allow":["GET"]}}],"collection":[{"href":"https:\/\/www.chayfans.org\/blog\/wp-json\/wp\/v2\/posts"}],"about":[{"href":"https:\/\/www.chayfans.org\/blog\/wp-json\/wp\/v2\/types\/post"}],"author":[{"embeddable":true,"href":"https:\/\/www.chayfans.org\/blog\/wp-json\/wp\/v2\/users\/2"}],"replies":[{"embeddable":true,"href":"https:\/\/www.chayfans.org\/blog\/wp-json\/wp\/v2\/comments?post=136"}],"version-history":[{"count":0,"href":"https:\/\/www.chayfans.org\/blog\/wp-json\/wp\/v2\/posts\/136\/revisions"}],"wp:attachment":[{"href":"https:\/\/www.chayfans.org\/blog\/wp-json\/wp\/v2\/media?parent=136"}],"wp:term":[{"taxonomy":"category","embeddable":true,"href":"https:\/\/www.chayfans.org\/blog\/wp-json\/wp\/v2\/categories?post=136"},{"taxonomy":"post_tag","embeddable":true,"href":"https:\/\/www.chayfans.org\/blog\/wp-json\/wp\/v2\/tags?post=136"}],"curies":[{"name":"wp","href":"https:\/\/api.w.org\/{rel}","templated":true}]}}