{"id":131,"date":"2007-06-26T11:29:58","date_gmt":"2007-06-26T16:29:58","guid":{"rendered":"http:\/\/www.chayfans.org\/blog\/2007\/06\/26\/chayanne-recorrera-18-ciudades-espanolas-para-presentar-mi-tiempo\/"},"modified":"2012-12-30T18:56:36","modified_gmt":"2012-12-30T22:56:36","slug":"chayanne-recorrera-18-ciudades-espanolas-para-presentar-mi-tiempo","status":"publish","type":"post","link":"https:\/\/www.chayfans.org\/blog\/2007\/06\/26\/chayanne-recorrera-18-ciudades-espanolas-para-presentar-mi-tiempo\/","title":{"rendered":"Chayanne recorrer\u00e1 18 ciudades espa\u00f1olas para presentar &#8216;Mi tiempo&#8217;"},"content":{"rendered":"<p>Chayanne se prepara para la gira de presentaci\u00f3n de su nuevo trabajo, <em>Mi tiempo<\/em>, que recorrer\u00e1 18 ciudades espa\u00f1olas durante dos meses.<\/p>\n<p><span class=\"negro\">En agosto, el cantante estar\u00e1 el 10 en M\u00e1laga y el 18 en Bilbao, y las fechas confirmadas para septiembre son el 5 en Madrid y el 7 de en Valladolid. En esta gira Chayanne presentar\u00e1 nuevo espect\u00e1culo y los temas de su \u00faltimo \u00e1lbum, como la balada y primer single <em>Si nos quedara poco tiempo<\/em>.<\/span><\/p>\n<p>&nbsp;<\/p>\n","protected":false},"excerpt":{"rendered":"<p>Chayanne se prepara para la gira de presentaci\u00f3n de su nuevo trabajo, Mi tiempo, que recorrer\u00e1 18 ciudades espa\u00f1olas durante dos meses. En agosto, el cantante estar\u00e1 el 10 en M\u00e1laga y el 18 en Bilbao, y las fechas confirmadas para septiembre son el 5 en Madrid y el 7 de en Valladolid. En esta [&hellip;]<\/p>\n","protected":false},"author":2,"featured_media":0,"comment_status":"open","ping_status":"open","sticky":false,"template":"","format":"standard","meta":{"footnotes":""},"categories":[3],"tags":[],"class_list":["post-131","post","type-post","status-publish","format-standard","hentry","category-mi-tiempo"],"yoast_head":"<!-- This site is optimized with the Yoast SEO plugin v27.4 - https:\/\/yoast.com\/product\/yoast-seo-wordpress\/ -->\n<title>Chayanne recorrer\u00e1 18 ciudades espa\u00f1olas para presentar &#039;Mi tiempo&#039; - Chayanne News - Noticias de Chayanne<\/title>\n<meta name=\"robots\" content=\"index, follow, max-snippet:-1, max-image-preview:large, max-video-preview:-1\" \/>\n<link rel=\"canonical\" href=\"https:\/\/www.chayfans.org\/blog\/2007\/06\/26\/chayanne-recorrera-18-ciudades-espanolas-para-presentar-mi-tiempo\/\" \/>\n<meta property=\"og:locale\" content=\"en_US\" \/>\n<meta property=\"og:type\" content=\"article\" \/>\n<meta property=\"og:title\" content=\"Chayanne recorrer\u00e1 18 ciudades espa\u00f1olas para presentar &#039;Mi tiempo&#039; - Chayanne News - Noticias de Chayanne\" \/>\n<meta property=\"og:description\" content=\"Chayanne se prepara para la gira de presentaci\u00f3n de su nuevo trabajo, Mi tiempo, que recorrer\u00e1 18 ciudades espa\u00f1olas durante dos meses. En agosto, el cantante estar\u00e1 el 10 en M\u00e1laga y el 18 en Bilbao, y las fechas confirmadas para septiembre son el 5 en Madrid y el 7 de en Valladolid. En esta [&hellip;]\" \/>\n<meta property=\"og:url\" content=\"https:\/\/www.chayfans.org\/blog\/2007\/06\/26\/chayanne-recorrera-18-ciudades-espanolas-para-presentar-mi-tiempo\/\" \/>\n<meta property=\"og:site_name\" content=\"Chayanne News - Noticias de Chayanne\" \/>\n<meta property=\"article:publisher\" content=\"https:\/\/www.facebook.com\/chayfans\" \/>\n<meta property=\"article:author\" content=\"http:\/\/www.facebook.com\/chayfans\" \/>\n<meta property=\"article:published_time\" content=\"2007-06-26T16:29:58+00:00\" \/>\n<meta property=\"article:modified_time\" content=\"2012-12-30T22:56:36+00:00\" \/>\n<meta name=\"author\" content=\"Melanie\" \/>\n<meta name=\"twitter:card\" content=\"summary_large_image\" \/>\n<meta name=\"twitter:creator\" content=\"@https:\/\/twitter.com\/ChayfansOrg\" \/>\n<meta name=\"twitter:site\" content=\"@chayfansorg\" \/>\n<meta name=\"twitter:label1\" content=\"Written by\" \/>\n\t<meta name=\"twitter:data1\" content=\"Melanie\" \/>\n<script type=\"application\/ld+json\" class=\"yoast-schema-graph\">{\"@context\":\"https:\\\/\\\/schema.org\",\"@graph\":[{\"@type\":\"Article\",\"@id\":\"https:\\\/\\\/www.chayfans.org\\\/blog\\\/2007\\\/06\\\/26\\\/chayanne-recorrera-18-ciudades-espanolas-para-presentar-mi-tiempo\\\/#article\",\"isPartOf\":{\"@id\":\"https:\\\/\\\/www.chayfans.org\\\/blog\\\/2007\\\/06\\\/26\\\/chayanne-recorrera-18-ciudades-espanolas-para-presentar-mi-tiempo\\\/\"},\"author\":{\"name\":\"Melanie\",\"@id\":\"https:\\\/\\\/www.chayfans.org\\\/blog\\\/#\\\/schema\\\/person\\\/e61fe4a7cf201ac20dadf8780252257d\"},\"headline\":\"Chayanne recorrer\u00e1 18 ciudades espa\u00f1olas para presentar &#8216;Mi tiempo&#8217;\",\"datePublished\":\"2007-06-26T16:29:58+00:00\",\"dateModified\":\"2012-12-30T22:56:36+00:00\",\"mainEntityOfPage\":{\"@id\":\"https:\\\/\\\/www.chayfans.org\\\/blog\\\/2007\\\/06\\\/26\\\/chayanne-recorrera-18-ciudades-espanolas-para-presentar-mi-tiempo\\\/\"},\"wordCount\":87,\"commentCount\":2,\"articleSection\":[\"Mi Tiempo\"],\"inLanguage\":\"en-US\",\"potentialAction\":[{\"@type\":\"CommentAction\",\"name\":\"Comment\",\"target\":[\"https:\\\/\\\/www.chayfans.org\\\/blog\\\/2007\\\/06\\\/26\\\/chayanne-recorrera-18-ciudades-espanolas-para-presentar-mi-tiempo\\\/#respond\"]}]},{\"@type\":\"WebPage\",\"@id\":\"https:\\\/\\\/www.chayfans.org\\\/blog\\\/2007\\\/06\\\/26\\\/chayanne-recorrera-18-ciudades-espanolas-para-presentar-mi-tiempo\\\/\",\"url\":\"https:\\\/\\\/www.chayfans.org\\\/blog\\\/2007\\\/06\\\/26\\\/chayanne-recorrera-18-ciudades-espanolas-para-presentar-mi-tiempo\\\/\",\"name\":\"Chayanne recorrer\u00e1 18 ciudades espa\u00f1olas para presentar 'Mi tiempo' - Chayanne News - Noticias de Chayanne\",\"isPartOf\":{\"@id\":\"https:\\\/\\\/www.chayfans.org\\\/blog\\\/#website\"},\"datePublished\":\"2007-06-26T16:29:58+00:00\",\"dateModified\":\"2012-12-30T22:56:36+00:00\",\"author\":{\"@id\":\"https:\\\/\\\/www.chayfans.org\\\/blog\\\/#\\\/schema\\\/person\\\/e61fe4a7cf201ac20dadf8780252257d\"},\"inLanguage\":\"en-US\",\"potentialAction\":[{\"@type\":\"ReadAction\",\"target\":[\"https:\\\/\\\/www.chayfans.org\\\/blog\\\/2007\\\/06\\\/26\\\/chayanne-recorrera-18-ciudades-espanolas-para-presentar-mi-tiempo\\\/\"]}]},{\"@type\":\"WebSite\",\"@id\":\"https:\\\/\\\/www.chayfans.org\\\/blog\\\/#website\",\"url\":\"https:\\\/\\\/www.chayfans.org\\\/blog\\\/\",\"name\":\"Chayanne News - Noticias de Chayanne\",\"description\":\"The Chayanne Fans Site - www.chayfans.org\",\"potentialAction\":[{\"@type\":\"SearchAction\",\"target\":{\"@type\":\"EntryPoint\",\"urlTemplate\":\"https:\\\/\\\/www.chayfans.org\\\/blog\\\/?s={search_term_string}\"},\"query-input\":{\"@type\":\"PropertyValueSpecification\",\"valueRequired\":true,\"valueName\":\"search_term_string\"}}],\"inLanguage\":\"en-US\"},{\"@type\":\"Person\",\"@id\":\"https:\\\/\\\/www.chayfans.org\\\/blog\\\/#\\\/schema\\\/person\\\/e61fe4a7cf201ac20dadf8780252257d\",\"name\":\"Melanie\",\"image\":{\"@type\":\"ImageObject\",\"inLanguage\":\"en-US\",\"@id\":\"https:\\\/\\\/secure.gravatar.com\\\/avatar\\\/c86cc2e5fbc78e2a2cc2e477ed6d50c4203542769f0f64cdcd206e7e59133d95?s=96&d=mm&r=g\",\"url\":\"https:\\\/\\\/secure.gravatar.com\\\/avatar\\\/c86cc2e5fbc78e2a2cc2e477ed6d50c4203542769f0f64cdcd206e7e59133d95?s=96&d=mm&r=g\",\"contentUrl\":\"https:\\\/\\\/secure.gravatar.com\\\/avatar\\\/c86cc2e5fbc78e2a2cc2e477ed6d50c4203542769f0f64cdcd206e7e59133d95?s=96&d=mm&r=g\",\"caption\":\"Melanie\"},\"description\":\"Melanie ha sido fan de Chayanne desde que escuch\u00f3 por primera vez \\\"Fiesta en Am\u00e9rica\\\" \u200b\u200ben 1988. Comenz\u00f3 el sitio web de Chayfans.org en 1998. Melanie has been a Chayanne fan since she first heard \\\"Fiesta en America\\\" in 1988. She started The Chayanne Fans web site in 1998.\",\"sameAs\":[\"http:\\\/\\\/www.chayfans.org\",\"http:\\\/\\\/www.facebook.com\\\/chayfans\",\"https:\\\/\\\/www.threads.net\\\/@chayfansorg\",\"https:\\\/\\\/x.com\\\/https:\\\/\\\/twitter.com\\\/ChayfansOrg\"],\"url\":\"https:\\\/\\\/www.chayfans.org\\\/blog\\\/author\\\/melanie\\\/\"}]}<\/script>\n<!-- \/ Yoast SEO plugin. -->","yoast_head_json":{"title":"Chayanne recorrer\u00e1 18 ciudades espa\u00f1olas para presentar 'Mi tiempo' - Chayanne News - Noticias de Chayanne","robots":{"index":"index","follow":"follow","max-snippet":"max-snippet:-1","max-image-preview":"max-image-preview:large","max-video-preview":"max-video-preview:-1"},"canonical":"https:\/\/www.chayfans.org\/blog\/2007\/06\/26\/chayanne-recorrera-18-ciudades-espanolas-para-presentar-mi-tiempo\/","og_locale":"en_US","og_type":"article","og_title":"Chayanne recorrer\u00e1 18 ciudades espa\u00f1olas para presentar 'Mi tiempo' - Chayanne News - Noticias de Chayanne","og_description":"Chayanne se prepara para la gira de presentaci\u00f3n de su nuevo trabajo, Mi tiempo, que recorrer\u00e1 18 ciudades espa\u00f1olas durante dos meses. En agosto, el cantante estar\u00e1 el 10 en M\u00e1laga y el 18 en Bilbao, y las fechas confirmadas para septiembre son el 5 en Madrid y el 7 de en Valladolid. En esta [&hellip;]","og_url":"https:\/\/www.chayfans.org\/blog\/2007\/06\/26\/chayanne-recorrera-18-ciudades-espanolas-para-presentar-mi-tiempo\/","og_site_name":"Chayanne News - Noticias de Chayanne","article_publisher":"https:\/\/www.facebook.com\/chayfans","article_author":"http:\/\/www.facebook.com\/chayfans","article_published_time":"2007-06-26T16:29:58+00:00","article_modified_time":"2012-12-30T22:56:36+00:00","author":"Melanie","twitter_card":"summary_large_image","twitter_creator":"@https:\/\/twitter.com\/ChayfansOrg","twitter_site":"@chayfansorg","twitter_misc":{"Written by":"Melanie"},"schema":{"@context":"https:\/\/schema.org","@graph":[{"@type":"Article","@id":"https:\/\/www.chayfans.org\/blog\/2007\/06\/26\/chayanne-recorrera-18-ciudades-espanolas-para-presentar-mi-tiempo\/#article","isPartOf":{"@id":"https:\/\/www.chayfans.org\/blog\/2007\/06\/26\/chayanne-recorrera-18-ciudades-espanolas-para-presentar-mi-tiempo\/"},"author":{"name":"Melanie","@id":"https:\/\/www.chayfans.org\/blog\/#\/schema\/person\/e61fe4a7cf201ac20dadf8780252257d"},"headline":"Chayanne recorrer\u00e1 18 ciudades espa\u00f1olas para presentar &#8216;Mi tiempo&#8217;","datePublished":"2007-06-26T16:29:58+00:00","dateModified":"2012-12-30T22:56:36+00:00","mainEntityOfPage":{"@id":"https:\/\/www.chayfans.org\/blog\/2007\/06\/26\/chayanne-recorrera-18-ciudades-espanolas-para-presentar-mi-tiempo\/"},"wordCount":87,"commentCount":2,"articleSection":["Mi Tiempo"],"inLanguage":"en-US","potentialAction":[{"@type":"CommentAction","name":"Comment","target":["https:\/\/www.chayfans.org\/blog\/2007\/06\/26\/chayanne-recorrera-18-ciudades-espanolas-para-presentar-mi-tiempo\/#respond"]}]},{"@type":"WebPage","@id":"https:\/\/www.chayfans.org\/blog\/2007\/06\/26\/chayanne-recorrera-18-ciudades-espanolas-para-presentar-mi-tiempo\/","url":"https:\/\/www.chayfans.org\/blog\/2007\/06\/26\/chayanne-recorrera-18-ciudades-espanolas-para-presentar-mi-tiempo\/","name":"Chayanne recorrer\u00e1 18 ciudades espa\u00f1olas para presentar 'Mi tiempo' - Chayanne News - Noticias de Chayanne","isPartOf":{"@id":"https:\/\/www.chayfans.org\/blog\/#website"},"datePublished":"2007-06-26T16:29:58+00:00","dateModified":"2012-12-30T22:56:36+00:00","author":{"@id":"https:\/\/www.chayfans.org\/blog\/#\/schema\/person\/e61fe4a7cf201ac20dadf8780252257d"},"inLanguage":"en-US","potentialAction":[{"@type":"ReadAction","target":["https:\/\/www.chayfans.org\/blog\/2007\/06\/26\/chayanne-recorrera-18-ciudades-espanolas-para-presentar-mi-tiempo\/"]}]},{"@type":"WebSite","@id":"https:\/\/www.chayfans.org\/blog\/#website","url":"https:\/\/www.chayfans.org\/blog\/","name":"Chayanne News - Noticias de Chayanne","description":"The Chayanne Fans Site - www.chayfans.org","potentialAction":[{"@type":"SearchAction","target":{"@type":"EntryPoint","urlTemplate":"https:\/\/www.chayfans.org\/blog\/?s={search_term_string}"},"query-input":{"@type":"PropertyValueSpecification","valueRequired":true,"valueName":"search_term_string"}}],"inLanguage":"en-US"},{"@type":"Person","@id":"https:\/\/www.chayfans.org\/blog\/#\/schema\/person\/e61fe4a7cf201ac20dadf8780252257d","name":"Melanie","image":{"@type":"ImageObject","inLanguage":"en-US","@id":"https:\/\/secure.gravatar.com\/avatar\/c86cc2e5fbc78e2a2cc2e477ed6d50c4203542769f0f64cdcd206e7e59133d95?s=96&d=mm&r=g","url":"https:\/\/secure.gravatar.com\/avatar\/c86cc2e5fbc78e2a2cc2e477ed6d50c4203542769f0f64cdcd206e7e59133d95?s=96&d=mm&r=g","contentUrl":"https:\/\/secure.gravatar.com\/avatar\/c86cc2e5fbc78e2a2cc2e477ed6d50c4203542769f0f64cdcd206e7e59133d95?s=96&d=mm&r=g","caption":"Melanie"},"description":"Melanie ha sido fan de Chayanne desde que escuch\u00f3 por primera vez \"Fiesta en Am\u00e9rica\" \u200b\u200ben 1988. Comenz\u00f3 el sitio web de Chayfans.org en 1998. Melanie has been a Chayanne fan since she first heard \"Fiesta en America\" in 1988. She started The Chayanne Fans web site in 1998.","sameAs":["http:\/\/www.chayfans.org","http:\/\/www.facebook.com\/chayfans","https:\/\/www.threads.net\/@chayfansorg","https:\/\/x.com\/https:\/\/twitter.com\/ChayfansOrg"],"url":"https:\/\/www.chayfans.org\/blog\/author\/melanie\/"}]}},"_links":{"self":[{"href":"https:\/\/www.chayfans.org\/blog\/wp-json\/wp\/v2\/posts\/131","targetHints":{"allow":["GET"]}}],"collection":[{"href":"https:\/\/www.chayfans.org\/blog\/wp-json\/wp\/v2\/posts"}],"about":[{"href":"https:\/\/www.chayfans.org\/blog\/wp-json\/wp\/v2\/types\/post"}],"author":[{"embeddable":true,"href":"https:\/\/www.chayfans.org\/blog\/wp-json\/wp\/v2\/users\/2"}],"replies":[{"embeddable":true,"href":"https:\/\/www.chayfans.org\/blog\/wp-json\/wp\/v2\/comments?post=131"}],"version-history":[{"count":0,"href":"https:\/\/www.chayfans.org\/blog\/wp-json\/wp\/v2\/posts\/131\/revisions"}],"wp:attachment":[{"href":"https:\/\/www.chayfans.org\/blog\/wp-json\/wp\/v2\/media?parent=131"}],"wp:term":[{"taxonomy":"category","embeddable":true,"href":"https:\/\/www.chayfans.org\/blog\/wp-json\/wp\/v2\/categories?post=131"},{"taxonomy":"post_tag","embeddable":true,"href":"https:\/\/www.chayfans.org\/blog\/wp-json\/wp\/v2\/tags?post=131"}],"curies":[{"name":"wp","href":"https:\/\/api.w.org\/{rel}","templated":true}]}}